{"id":6729,"date":"2021-07-28T16:25:45","date_gmt":"2021-07-28T15:25:45","guid":{"rendered":"https:\/\/www.ticmais.pt\/?p=6729"},"modified":"2021-07-29T01:01:20","modified_gmt":"2021-07-29T00:01:20","slug":"o-retrato-de-portugal-tracado-pelos-censos-2021-em-11-conclusoes-fundamentais","status":"publish","type":"post","link":"https:\/\/www.ticmais.pt\/?p=6729","title":{"rendered":"O retrato de Portugal tra\u00e7ado pelos Censos 2021 em 11 conclus\u00f5es fundamentais"},"content":{"rendered":"<p><img decoding=\"async\" class=\"alignleft\" src=\"https:\/\/www.ticmais.pt\/ticmais\/imagens\/O-retrato-de-Portugal-traado-pelos-Censos-2021-em-11-concluses-fundamentais.jpg\" \/><\/p>\n<p style=\"text-align: justify;\">O Pa\u00eds tem menos popula\u00e7\u00e3o &#8211; at\u00e9 em Lisboa e no Porto diminu\u00edram os residentes &#8211; mas h\u00e1 munic\u00edpios que contrariam a tend\u00eancia, que n\u00e3o se verificava desde 1970. Afinal, quem ganha e quem perde?<br \/>\n10 347 892. \u00c9 este o n\u00famero de residentes em Portugal, segundo os <a href=\"https:\/\/censos.ine.pt\/xportal\/xmain?xpgid=censos21_main&amp;xpid=CENSOS21&amp;xlang=pt\">resultados preliminares dos Censos 2021<\/a>, divulgados esta quarta-feira, 28, pelo Instituto Nacional de Estat\u00edstica (INE). <a href=\"https:\/\/visao.sapo.pt\/atualidade\/sociedade\/2021-07-28-onze-conclusoes-do-retrato-tracado-pelos-censos-2021\/\">Mais&#8230;<\/a><\/p>\n","protected":false},"excerpt":{"rendered":"<p>O Pa\u00eds tem menos popula\u00e7\u00e3o &#8211; at\u00e9 em Lisboa e no Porto diminu\u00edram os residentes &#8211; mas h\u00e1 munic\u00edpios que contrariam a tend\u00eancia, que n\u00e3o se verificava desde 1970. Afinal, quem ganha e quem perde? 10 347 892. \u00c9 este o n\u00famero de residentes em Portugal, segundo os resultados preliminares dos Censos 2021, divulgados esta [&hellip;]<\/p>\n","protected":false},"author":1,"featured_media":0,"comment_status":"closed","ping_status":"closed","sticky":false,"template":"","format":"standard","meta":{"footnotes":""},"categories":[15],"tags":[4352,132],"class_list":["post-6729","post","type-post","status-publish","format-standard","hentry","category-tic-mais","tag-censos-2021","tag-portugal"],"_links":{"self":[{"href":"https:\/\/www.ticmais.pt\/index.php?rest_route=\/wp\/v2\/posts\/6729","targetHints":{"allow":["GET"]}}],"collection":[{"href":"https:\/\/www.ticmais.pt\/index.php?rest_route=\/wp\/v2\/posts"}],"about":[{"href":"https:\/\/www.ticmais.pt\/index.php?rest_route=\/wp\/v2\/types\/post"}],"author":[{"embeddable":true,"href":"https:\/\/www.ticmais.pt\/index.php?rest_route=\/wp\/v2\/users\/1"}],"replies":[{"embeddable":true,"href":"https:\/\/www.ticmais.pt\/index.php?rest_route=%2Fwp%2Fv2%2Fcomments&post=6729"}],"version-history":[{"count":0,"href":"https:\/\/www.ticmais.pt\/index.php?rest_route=\/wp\/v2\/posts\/6729\/revisions"}],"wp:attachment":[{"href":"https:\/\/www.ticmais.pt\/index.php?rest_route=%2Fwp%2Fv2%2Fmedia&parent=6729"}],"wp:term":[{"taxonomy":"category","embeddable":true,"href":"https:\/\/www.ticmais.pt\/index.php?rest_route=%2Fwp%2Fv2%2Fcategories&post=6729"},{"taxonomy":"post_tag","embeddable":true,"href":"https:\/\/www.ticmais.pt\/index.php?rest_route=%2Fwp%2Fv2%2Ftags&post=6729"}],"curies":[{"name":"wp","href":"https:\/\/api.w.org\/{rel}","templated":true}]}}