{"id":673,"date":"2008-11-23T16:42:36","date_gmt":"2008-11-23T16:42:36","guid":{"rendered":"http:\/\/www.ticmais.pt\/index.php\/2008\/11\/23\/coruche-um-duplo-custo-de-interioridade\/"},"modified":"2021-05-02T23:08:26","modified_gmt":"2021-05-02T22:08:26","slug":"coruche-um-duplo-custo-de-interioridade","status":"publish","type":"post","link":"https:\/\/www.ticmais.pt\/?p=673","title":{"rendered":"Coruche \u2013 um duplo custo de interioridade"},"content":{"rendered":"<table style=\"width: 100%;\" border=\"0\" cellspacing=\"5\" cellpadding=\"5\">\n<tbody>\n<tr>\n<td valign=\"top\" width=\"160\"><img decoding=\"async\" src=\"\/\/www.ticmais.pt\/ticmais\/imagens\/um-duplo-custo-de-interioridade1.jpg\" alt=\"\" border=\"0\" \/><\/td>\n<td valign=\"top\">\n<p style=\"text-align: justify;\">Queremos crer que a grande maioria dos nossos pol\u00edticos locais t\u00eam plena consci\u00eancia de que o futuro dos concelhos ser\u00e1 fortemente influenciado pela forma como as novas Tecnologias de Informa\u00e7\u00e3o e Comunica\u00e7\u00e3o (TIC) forem assimiladas, bem como pelo sucesso e pela rapidez dessa absor\u00e7\u00e3o.<br \/>\n\u00c9 inadmiss\u00edvel que uma vila como a de Coruche, sede de concelho, integrada no denominado <strong>Arco Metropolitano de Lisboa<\/strong>, <a href=\"https:\/\/www.ticmais.pt\/ticmais\/pdf\/2007.11.a.internet.em.coruche.tem.que.melhorar.pdf\">n\u00e3o tenha ainda modernas infraestruturas de redes digitais de comunica\u00e7\u00e3o<\/a>, necess\u00e1rias \u00e0 subscri\u00e7\u00e3o de pacotes de comunica\u00e7\u00e3o por cabo (televis\u00e3o, v\u00eddeo, telefone e Internet).<\/p>\n<p><a href=\"http:\/\/www.ticmais.pt\/?p=1234\"><img decoding=\"async\" src=\"\/\/www.ticmais.pt\/ticmais\/imagens\/ticmaislogomini.png\" alt=\"\" \/><\/a><\/td>\n<\/tr>\n<\/tbody>\n<\/table>\n<div><!--more--><\/div>\n<table style=\"width: 100%;\" border=\"0\" cellspacing=\"5\" cellpadding=\"5\" align=\"justify\">\n<tbody>\n<tr>\n<td valign=\"top\">As fam\u00edlias e as empresas pagam aqui um duplo custo de interioridade. \u00c9 com bastante atraso que podem usufruir de determinados servi\u00e7os relativamente a outras zonas do pa\u00eds, t\u00eam de pagar mensalidades mais elevadas (cerca de 30\u20ac por m\u00eas a mais), tendo apenas acesso a um leque reduzido de op\u00e7\u00f5es, a piores servi\u00e7os e menores velocidades.<\/p>\n<div style=\"text-align: justify;\">J\u00e1 dispor destes servi\u00e7os h\u00e1 muito tempo ou s\u00f3 vir a dispor deles sabe-se l\u00e1 quando (mesmo que mais tarde o investimento p\u00fablico seja menor ou venha a beneficiar de algum programa de apoio) tem custos incalcul\u00e1veis que alguns pol\u00edticos n\u00e3o avaliam.<\/div>\n<div><span style=\"color: #ffffff;\">.<\/span><\/div>\n<div style=\"text-align: justify;\">\u00c9 imperioso garantir o acesso ao conhecimento e a novos conte\u00fados para fugir ao marasmo que \u00e9 a grande maioria das fam\u00edlias do nosso concelho ter s\u00f3 4 canais de televis\u00e3o (com telenovelas a mais, salvo poucas e honrosas excep\u00e7\u00f5es) e \u00e0s mensalidades insuport\u00e1veis das solu\u00e7\u00f5es individualizadas de que dispomos.<\/div>\n<div><span style=\"color: #ffffff;\">.<\/span><\/div>\n<div style=\"text-align: justify;\">Esta situa\u00e7\u00e3o n\u00e3o \u00e9 s\u00f3 um problema de interioridade, \u00e9 tamb\u00e9m uma quest\u00e3o de alheamento e inac\u00e7\u00e3o pol\u00edtica.<\/div>\n<div><span style=\"color: #ffffff;\">.<\/span><\/div>\n<div style=\"text-align: justify;\">Aqui bem ao nosso lado, a vila de Mora <strong>tem j\u00e1<\/strong>, desde Maio de 2007, as infraestruturas necess\u00e1rias \u00e0 recep\u00e7\u00e3o de televis\u00e3o, telefone e Internet por cabo, resultante de um contrato de presta\u00e7\u00e3o de servi\u00e7os celebrado entre a C. M. de Mora e a TV Cabo Portugal S.A.<\/div>\n<div><span style=\"color: #ffffff;\">.<\/span><\/div>\n<div style=\"text-align: justify;\">\u00c9 necess\u00e1rio, tamb\u00e9m aqui, preparar o concelho de Coruche para a Sociedade da Informa\u00e7\u00e3o e criar condi\u00e7\u00f5es para que o universo daqueles que t\u00eam acesso aos benef\u00edcios das TIC seja aumentado drasticamente, porque a realidade est\u00e1 \u00e0 vista.<\/div>\n<div><span style=\"color: #ffffff;\">.<\/span><\/div>\n<div style=\"text-align: justify;\">O acesso de todos os cidad\u00e3os aos novos servi\u00e7os da Sociedade da Informa\u00e7\u00e3o <strong>\u00e9 um dos objectivos priorit\u00e1rios da Uni\u00e3o Europeia<\/strong>. A possibilidade de aceder a esses servi\u00e7os e aplica\u00e7\u00f5es atrav\u00e9s de terminais distintos dos computadores pessoais e de utilizar diversas plataformas, como a televis\u00e3o por cabo, a televis\u00e3o digital, os terminais 3G ou as R-LAN (redes locais radioel\u00e9ctricas), criar\u00e1 oportunidades econ\u00f3micas e sociais consider\u00e1veis.<\/div>\n<div><span style=\"color: #ffffff;\">.<\/span><\/div>\n<div style=\"text-align: justify;\">N\u00e3o se pode deixar unicamente nas m\u00e3os das for\u00e7as do mercado o papel de regular o acesso a estes servi\u00e7os. A Inclus\u00e3o Digital tem que se assumir como pol\u00edtica p\u00fablica e o Poder Local, como garante da equidade e promotor do bem-estar para toda a sua comunidade, deve impedir o \u201capartheid\u201d digital.<\/div>\n<div><span style=\"color: #ffffff;\">.<\/span><\/div>\n<div style=\"text-align: justify;\"><span style=\"color: #000000;\"><strong>Se n\u00e3o se desperdi\u00e7ar inutilmente tantos recursos p\u00fablicos e as \u2018tacadas\u2019 forem primeiro canalizadas para outros \u2018buracos\u2019, \u00e9 poss\u00edvel alterar esta situa\u00e7\u00e3o!<\/strong><\/span><\/div>\n<div><span style=\"color: #ffffff;\">.<\/span><\/div>\n<div><strong><a href=\"https:\/\/www.ticmais.pt\/ticmais\/pdf\/2008.04.21.um.duplo.custo.de.interioridade.pdfhttps:\/\/www.youtube.com\/watch?v=cxjGEYFAX34\">Not\u00edcia publicada no Jornal Mais Regi\u00e3o<\/a><\/strong><\/div>\n<\/td>\n<\/tr>\n<tr>\n<td><img decoding=\"async\" src=\"\/\/www.ticmais.pt\/ticmais\/imagens\/Coruche,Antonio Pinheiro da Costa,TicMAIS,Cantanhede,Cidadania, Movimento.png\" alt=\"\" \/><\/td>\n<\/tr>\n<tr>\n<td><a href=\"https:\/\/www.ticmais.pt\/\"><span style=\"color: #800000;\"><img decoding=\"async\" src=\"\/\/www.ticmais.pt\/ticmais\/imagens\/Coruche, TicMAIS, Antonio Pinheiro da Costa, Movimento de Cidadania, Cantanhede.png\" alt=\"\" \/><\/span><\/a><\/td>\n<\/tr>\n<\/tbody>\n<\/table>\n","protected":false},"excerpt":{"rendered":"<p>Queremos crer que a grande maioria dos nossos pol\u00edticos locais t\u00eam plena consci\u00eancia de que o futuro dos concelhos ser\u00e1 fortemente influenciado pela forma como as novas Tecnologias de Informa\u00e7\u00e3o e Comunica\u00e7\u00e3o (TIC) forem assimiladas, bem como pelo sucesso e pela rapidez dessa absor\u00e7\u00e3o. \u00c9 inadmiss\u00edvel que uma vila como a de Coruche, sede de [&hellip;]<\/p>\n","protected":false},"author":1,"featured_media":0,"comment_status":"open","ping_status":"open","sticky":false,"template":"","format":"standard","meta":{"footnotes":""},"categories":[15],"tags":[31,32,2,3,6,17,157,8,22,33,34,10,11,12,13,19,35,16],"class_list":["post-673","post","type-post","status-publish","format-standard","hentry","category-tic-mais","tag-3play","tag-4play","tag-antonio-pinheiro-da-costa","tag-camara-municipal-de-coruche","tag-coruche","tag-desenvolvimento-economico","tag-empreendedorismo","tag-inclusao-digital","tag-inovacao","tag-interioridade","tag-internet","tag-movimentos-civicos","tag-movimento-de-cidadania","tag-municipios","tag-poder-local","tag-sociedade-do-conhecinentoda-informacao","tag-telecomunicacoes","tag-ticmais"],"_links":{"self":[{"href":"https:\/\/www.ticmais.pt\/index.php?rest_route=\/wp\/v2\/posts\/673","targetHints":{"allow":["GET"]}}],"collection":[{"href":"https:\/\/www.ticmais.pt\/index.php?rest_route=\/wp\/v2\/posts"}],"about":[{"href":"https:\/\/www.ticmais.pt\/index.php?rest_route=\/wp\/v2\/types\/post"}],"author":[{"embeddable":true,"href":"https:\/\/www.ticmais.pt\/index.php?rest_route=\/wp\/v2\/users\/1"}],"replies":[{"embeddable":true,"href":"https:\/\/www.ticmais.pt\/index.php?rest_route=%2Fwp%2Fv2%2Fcomments&post=673"}],"version-history":[{"count":0,"href":"https:\/\/www.ticmais.pt\/index.php?rest_route=\/wp\/v2\/posts\/673\/revisions"}],"wp:attachment":[{"href":"https:\/\/www.ticmais.pt\/index.php?rest_route=%2Fwp%2Fv2%2Fmedia&parent=673"}],"wp:term":[{"taxonomy":"category","embeddable":true,"href":"https:\/\/www.ticmais.pt\/index.php?rest_route=%2Fwp%2Fv2%2Fcategories&post=673"},{"taxonomy":"post_tag","embeddable":true,"href":"https:\/\/www.ticmais.pt\/index.php?rest_route=%2Fwp%2Fv2%2Ftags&post=673"}],"curies":[{"name":"wp","href":"https:\/\/api.w.org\/{rel}","templated":true}]}}