{"id":6734,"date":"2021-08-27T23:15:48","date_gmt":"2021-08-27T22:15:48","guid":{"rendered":"https:\/\/www.ticmais.pt\/?p=6734"},"modified":"2021-08-27T23:16:00","modified_gmt":"2021-08-27T22:16:00","slug":"governo-lanca-novo-programa-de-certificacao-de-competencias-digitais","status":"publish","type":"post","link":"https:\/\/www.ticmais.pt\/?p=6734","title":{"rendered":"Governo lan\u00e7a novo programa de certifica\u00e7\u00e3o de compet\u00eancias digitais"},"content":{"rendered":"<p><img decoding=\"async\" class=\"alignleft\" src=\"https:\/\/www.ticmais.pt\/ticmais\/imagens\/Governo-lana-novo-programa-de-certificao-de-competncias-digitais.jpg\" \/><\/p>\n<p style=\"text-align: justify;\">O novo programa \u201cCertificado de Compet\u00eancias Digitais\u201d destina-se a pessoas com 18 anos ou mais, em particular, desempregados inscritos no IEFP, adultos que n\u00e3o possuam o n\u00edvel b\u00e1sico de profici\u00eancia digital e jovens NEET (<em>Not in Employment, Education or Training<\/em>). <a href=\"https:\/\/tek.sapo.pt\/noticias\/internet\/artigos\/governo-lanca-novo-programa-de-certificacao-de-competencias-digitais\">Mais&#8230;<\/a><\/p>\n","protected":false},"excerpt":{"rendered":"<p>O novo programa \u201cCertificado de Compet\u00eancias Digitais\u201d destina-se a pessoas com 18 anos ou mais, em particular, desempregados inscritos no IEFP, adultos que n\u00e3o possuam o n\u00edvel b\u00e1sico de profici\u00eancia digital e jovens NEET (Not in Employment, Education or Training). Mais&#8230;<\/p>\n","protected":false},"author":1,"featured_media":0,"comment_status":"closed","ping_status":"closed","sticky":false,"template":"","format":"standard","meta":{"footnotes":""},"categories":[15],"tags":[4358,121,1892],"class_list":["post-6734","post","type-post","status-publish","format-standard","hentry","category-tic-mais","tag-certificacao-de-competencias-digitais","tag-governo","tag-programa"],"_links":{"self":[{"href":"https:\/\/www.ticmais.pt\/index.php?rest_route=\/wp\/v2\/posts\/6734","targetHints":{"allow":["GET"]}}],"collection":[{"href":"https:\/\/www.ticmais.pt\/index.php?rest_route=\/wp\/v2\/posts"}],"about":[{"href":"https:\/\/www.ticmais.pt\/index.php?rest_route=\/wp\/v2\/types\/post"}],"author":[{"embeddable":true,"href":"https:\/\/www.ticmais.pt\/index.php?rest_route=\/wp\/v2\/users\/1"}],"replies":[{"embeddable":true,"href":"https:\/\/www.ticmais.pt\/index.php?rest_route=%2Fwp%2Fv2%2Fcomments&post=6734"}],"version-history":[{"count":0,"href":"https:\/\/www.ticmais.pt\/index.php?rest_route=\/wp\/v2\/posts\/6734\/revisions"}],"wp:attachment":[{"href":"https:\/\/www.ticmais.pt\/index.php?rest_route=%2Fwp%2Fv2%2Fmedia&parent=6734"}],"wp:term":[{"taxonomy":"category","embeddable":true,"href":"https:\/\/www.ticmais.pt\/index.php?rest_route=%2Fwp%2Fv2%2Fcategories&post=6734"},{"taxonomy":"post_tag","embeddable":true,"href":"https:\/\/www.ticmais.pt\/index.php?rest_route=%2Fwp%2Fv2%2Ftags&post=6734"}],"curies":[{"name":"wp","href":"https:\/\/api.w.org\/{rel}","templated":true}]}}