{"id":6736,"date":"2021-09-07T01:22:11","date_gmt":"2021-09-07T00:22:11","guid":{"rendered":"https:\/\/www.ticmais.pt\/?p=6736"},"modified":"2021-09-07T01:22:11","modified_gmt":"2021-09-07T00:22:11","slug":"alemanha-pressiona-europa-e-quer-aumentar-para-sete-anos-atualizacoes-de-seguranca-nos-smartphones","status":"publish","type":"post","link":"https:\/\/www.ticmais.pt\/?p=6736","title":{"rendered":"Alemanha pressiona Europa e quer aumentar para sete anos atualiza\u00e7\u00f5es de seguran\u00e7a nos smartphones"},"content":{"rendered":"<p><img decoding=\"async\" class=\"alignleft\" src=\"https:\/\/www.ticmais.pt\/ticmais\/imagens\/Alemanha-pressiona-Europa-e-quer-aumentar-para-sete-anos-atualizaes-de-segurana-nos-smartphones.jpg\" \/><\/p>\n<p style=\"text-align: justify;\">A revis\u00e3o da legisla\u00e7\u00e3o europeia est\u00e1 em debate e a Alemanha quer que a Comiss\u00e3o Europeia v\u00e1 mais longe no esfor\u00e7o de contribuir para que a maioria dos europeus tenham smartphones seguros e com pe\u00e7as dispon\u00edveis para substitui\u00e7\u00e3o. <a href=\"https:\/\/tek.sapo.pt\/mobile\/equipamentos\/artigos\/alemanha-pressiona-europa-e-quer-aumentar-para-sete-anos-atualizacoes-de-seguranca-nos-smartphones\">Mais&#8230;<\/a><\/p>\n","protected":false},"excerpt":{"rendered":"<p>A revis\u00e3o da legisla\u00e7\u00e3o europeia est\u00e1 em debate e a Alemanha quer que a Comiss\u00e3o Europeia v\u00e1 mais longe no esfor\u00e7o de contribuir para que a maioria dos europeus tenham smartphones seguros e com pe\u00e7as dispon\u00edveis para substitui\u00e7\u00e3o. Mais&#8230;<\/p>\n","protected":false},"author":1,"featured_media":0,"comment_status":"closed","ping_status":"closed","sticky":false,"template":"","format":"standard","meta":{"footnotes":""},"categories":[15],"tags":[492,2903,1929,213,123,87,88],"class_list":["post-6736","post","type-post","status-publish","format-standard","hentry","category-tic-mais","tag-alemanha","tag-atualizacoes","tag-comissao-europeia","tag-legislacao","tag-seguranca","tag-smartphones","tag-telemoveis"],"_links":{"self":[{"href":"https:\/\/www.ticmais.pt\/index.php?rest_route=\/wp\/v2\/posts\/6736","targetHints":{"allow":["GET"]}}],"collection":[{"href":"https:\/\/www.ticmais.pt\/index.php?rest_route=\/wp\/v2\/posts"}],"about":[{"href":"https:\/\/www.ticmais.pt\/index.php?rest_route=\/wp\/v2\/types\/post"}],"author":[{"embeddable":true,"href":"https:\/\/www.ticmais.pt\/index.php?rest_route=\/wp\/v2\/users\/1"}],"replies":[{"embeddable":true,"href":"https:\/\/www.ticmais.pt\/index.php?rest_route=%2Fwp%2Fv2%2Fcomments&post=6736"}],"version-history":[{"count":0,"href":"https:\/\/www.ticmais.pt\/index.php?rest_route=\/wp\/v2\/posts\/6736\/revisions"}],"wp:attachment":[{"href":"https:\/\/www.ticmais.pt\/index.php?rest_route=%2Fwp%2Fv2%2Fmedia&parent=6736"}],"wp:term":[{"taxonomy":"category","embeddable":true,"href":"https:\/\/www.ticmais.pt\/index.php?rest_route=%2Fwp%2Fv2%2Fcategories&post=6736"},{"taxonomy":"post_tag","embeddable":true,"href":"https:\/\/www.ticmais.pt\/index.php?rest_route=%2Fwp%2Fv2%2Ftags&post=6736"}],"curies":[{"name":"wp","href":"https:\/\/api.w.org\/{rel}","templated":true}]}}