{"id":6742,"date":"2021-09-21T21:00:10","date_gmt":"2021-09-21T20:00:10","guid":{"rendered":"https:\/\/www.ticmais.pt\/?p=6742"},"modified":"2021-09-21T22:32:14","modified_gmt":"2021-09-21T21:32:14","slug":"deco-tarifa-social-de-internet-so-sera-vantajosa-para-quem-dispensar-tv-paga-e-usar-pouco-a-internet","status":"publish","type":"post","link":"https:\/\/www.ticmais.pt\/?p=6742","title":{"rendered":"DECO: Tarifa social de internet s\u00f3 ser\u00e1 vantajosa para quem dispensar TV paga e usar pouco a internet"},"content":{"rendered":"<p><img decoding=\"async\" class=\"alignleft\" src=\"https:\/\/www.ticmais.pt\/ticmais\/imagens\/DECO-Tarifa-social-de-internet-s-ser-vantajosa-para-quem-dispensar-TV-paga-e-usar-pouco-a-internet.jpg\" \/><\/p>\n<p style=\"text-align: justify;\">A Associa\u00e7\u00e3o de Defesa do Consumidor fez v\u00e1rias contas, considerando que 94% das fam\u00edlias usam servi\u00e7os de TV paga e concluiu que mudar de pacote para combinar TV paga com o novo tarif\u00e1rio ser\u00e1, salvo raras exce\u00e7\u00f5es, um mau neg\u00f3cio. Na internet, as limita\u00e7\u00f5es da tarifa tamb\u00e9m s\u00e3o importantes, diz a DECO. <a href=\"https:\/\/tek.sapo.pt\/noticias\/telecomunicacoes\/artigos\/deco-tarifa-social-de-internet-so-sera-vantajosa-para-quem-dispensar-tv-paga-e-usar-pouco-a-internet\">Mais&#8230;<\/a><\/p>\n","protected":false},"excerpt":{"rendered":"<p>A Associa\u00e7\u00e3o de Defesa do Consumidor fez v\u00e1rias contas, considerando que 94% das fam\u00edlias usam servi\u00e7os de TV paga e concluiu que mudar de pacote para combinar TV paga com o novo tarif\u00e1rio ser\u00e1, salvo raras exce\u00e7\u00f5es, um mau neg\u00f3cio. Na internet, as limita\u00e7\u00f5es da tarifa tamb\u00e9m s\u00e3o importantes, diz a DECO. Mais&#8230;<\/p>\n","protected":false},"author":1,"featured_media":0,"comment_status":"closed","ping_status":"closed","sticky":false,"template":"","format":"standard","meta":{"footnotes":""},"categories":[15],"tags":[295,34,4362],"class_list":["post-6742","post","type-post","status-publish","format-standard","hentry","category-tic-mais","tag-deco","tag-internet","tag-tarifa-social"],"_links":{"self":[{"href":"https:\/\/www.ticmais.pt\/index.php?rest_route=\/wp\/v2\/posts\/6742","targetHints":{"allow":["GET"]}}],"collection":[{"href":"https:\/\/www.ticmais.pt\/index.php?rest_route=\/wp\/v2\/posts"}],"about":[{"href":"https:\/\/www.ticmais.pt\/index.php?rest_route=\/wp\/v2\/types\/post"}],"author":[{"embeddable":true,"href":"https:\/\/www.ticmais.pt\/index.php?rest_route=\/wp\/v2\/users\/1"}],"replies":[{"embeddable":true,"href":"https:\/\/www.ticmais.pt\/index.php?rest_route=%2Fwp%2Fv2%2Fcomments&post=6742"}],"version-history":[{"count":0,"href":"https:\/\/www.ticmais.pt\/index.php?rest_route=\/wp\/v2\/posts\/6742\/revisions"}],"wp:attachment":[{"href":"https:\/\/www.ticmais.pt\/index.php?rest_route=%2Fwp%2Fv2%2Fmedia&parent=6742"}],"wp:term":[{"taxonomy":"category","embeddable":true,"href":"https:\/\/www.ticmais.pt\/index.php?rest_route=%2Fwp%2Fv2%2Fcategories&post=6742"},{"taxonomy":"post_tag","embeddable":true,"href":"https:\/\/www.ticmais.pt\/index.php?rest_route=%2Fwp%2Fv2%2Ftags&post=6742"}],"curies":[{"name":"wp","href":"https:\/\/api.w.org\/{rel}","templated":true}]}}