{"id":6761,"date":"2021-11-10T21:05:30","date_gmt":"2021-11-10T20:05:30","guid":{"rendered":"https:\/\/www.ticmais.pt\/?p=6761"},"modified":"2021-11-10T21:05:30","modified_gmt":"2021-11-10T20:05:30","slug":"novo-despacho-define-abertura-de-concurso-para-alargar-a-cobertura-de-internet-no-interior-do-pais","status":"publish","type":"post","link":"https:\/\/www.ticmais.pt\/?p=6761","title":{"rendered":"Novo despacho define abertura de concurso para alargar a cobertura de internet no interior do pa\u00eds"},"content":{"rendered":"<p><img decoding=\"async\" class=\"alignleft\" src=\"https:\/\/www.ticmais.pt\/ticmais\/imagens\/Novo-despacho-define-abertura-de-concurso-para-alargar-a-cobertura-de-internet-no-interior-do-pas.jpg\" \/><\/p>\n<p style=\"text-align: justify;\">A abertura de um concurso internacional para operadores de internet fixa e m\u00f3vel alargarem a cobertura no interior do pa\u00eds, e o regulador das telecomunica\u00e7\u00f5es recolher informa\u00e7\u00e3o atualizada sobre essa cobertura, foi definida por despacho do Governo hoje publicado. <a href=\"https:\/\/tek.sapo.pt\/noticias\/telecomunicacoes\/artigos\/novo-despacho-define-abertura-de-concurso-para-alargar-a-cobertura-de-internet-no-interior-do-pais\">Mais&#8230;<\/a><\/p>\n","protected":false},"excerpt":{"rendered":"<p>A abertura de um concurso internacional para operadores de internet fixa e m\u00f3vel alargarem a cobertura no interior do pa\u00eds, e o regulador das telecomunica\u00e7\u00f5es recolher informa\u00e7\u00e3o atualizada sobre essa cobertura, foi definida por despacho do Governo hoje publicado. Mais&#8230;<\/p>\n","protected":false},"author":1,"featured_media":0,"comment_status":"closed","ping_status":"closed","sticky":false,"template":"","format":"standard","meta":{"footnotes":""},"categories":[15],"tags":[413,500,443,4378,34,2637,132],"class_list":["post-6761","post","type-post","status-publish","format-standard","hentry","category-tic-mais","tag-anacom","tag-cobertura","tag-concurso","tag-interior","tag-internet","tag-pais","tag-portugal"],"_links":{"self":[{"href":"https:\/\/www.ticmais.pt\/index.php?rest_route=\/wp\/v2\/posts\/6761","targetHints":{"allow":["GET"]}}],"collection":[{"href":"https:\/\/www.ticmais.pt\/index.php?rest_route=\/wp\/v2\/posts"}],"about":[{"href":"https:\/\/www.ticmais.pt\/index.php?rest_route=\/wp\/v2\/types\/post"}],"author":[{"embeddable":true,"href":"https:\/\/www.ticmais.pt\/index.php?rest_route=\/wp\/v2\/users\/1"}],"replies":[{"embeddable":true,"href":"https:\/\/www.ticmais.pt\/index.php?rest_route=%2Fwp%2Fv2%2Fcomments&post=6761"}],"version-history":[{"count":0,"href":"https:\/\/www.ticmais.pt\/index.php?rest_route=\/wp\/v2\/posts\/6761\/revisions"}],"wp:attachment":[{"href":"https:\/\/www.ticmais.pt\/index.php?rest_route=%2Fwp%2Fv2%2Fmedia&parent=6761"}],"wp:term":[{"taxonomy":"category","embeddable":true,"href":"https:\/\/www.ticmais.pt\/index.php?rest_route=%2Fwp%2Fv2%2Fcategories&post=6761"},{"taxonomy":"post_tag","embeddable":true,"href":"https:\/\/www.ticmais.pt\/index.php?rest_route=%2Fwp%2Fv2%2Ftags&post=6761"}],"curies":[{"name":"wp","href":"https:\/\/api.w.org\/{rel}","templated":true}]}}