{"id":6773,"date":"2021-12-10T19:30:28","date_gmt":"2021-12-10T18:30:28","guid":{"rendered":"https:\/\/www.ticmais.pt\/?p=6773"},"modified":"2021-12-10T19:30:28","modified_gmt":"2021-12-10T18:30:28","slug":"estudo-revela-que-professores-do-ensino-basico-e-secundario-tem-poucas-competencias-digitais","status":"publish","type":"post","link":"https:\/\/www.ticmais.pt\/?p=6773","title":{"rendered":"Estudo revela que professores do ensino b\u00e1sico e secund\u00e1rio t\u00eam poucas compet\u00eancias digitais"},"content":{"rendered":"<p><img decoding=\"async\" class=\"alignleft\" src=\"https:\/\/www.ticmais.pt\/ticmais\/imagens\/Estudo-revela-que-professores-do-ensino-bsico-e-secundrio-tm-poucas-competncias-digitais.jpg\" \/><\/p>\n<p style=\"text-align: justify;\">A Dire\u00e7\u00e3o-Geral da Educa\u00e7\u00e3o pediu \u00e0 Universidade de Aveiro um estudo sobre o n\u00edvel de compet\u00eancias digitais dos professores do ensino b\u00e1sico e secund\u00e1rio, chegando \u00e0 conclus\u00e3o de que estes precisam de apoio para melhorar a sua compreens\u00e3o sobre as ferramentas a utilizar no digital. <a href=\"https:\/\/tek.sapo.pt\/noticias\/computadores\/artigos\/estudo-revela-que-professores-do-ensino-basico-e-secundario-tem-poucas-competencias-digitais\">Mais&#8230;<\/a><\/p>\n","protected":false},"excerpt":{"rendered":"<p>A Dire\u00e7\u00e3o-Geral da Educa\u00e7\u00e3o pediu \u00e0 Universidade de Aveiro um estudo sobre o n\u00edvel de compet\u00eancias digitais dos professores do ensino b\u00e1sico e secund\u00e1rio, chegando \u00e0 conclus\u00e3o de que estes precisam de apoio para melhorar a sua compreens\u00e3o sobre as ferramentas a utilizar no digital. Mais&#8230;<\/p>\n","protected":false},"author":1,"featured_media":0,"comment_status":"closed","ping_status":"closed","sticky":false,"template":"","format":"standard","meta":{"footnotes":""},"categories":[15],"tags":[4360,4386,2333,143,4387],"class_list":["post-6773","post","type-post","status-publish","format-standard","hentry","category-tic-mais","tag-competencias-digitais","tag-ensino-basico","tag-estudo","tag-professores","tag-universidade-de-aveiro"],"_links":{"self":[{"href":"https:\/\/www.ticmais.pt\/index.php?rest_route=\/wp\/v2\/posts\/6773","targetHints":{"allow":["GET"]}}],"collection":[{"href":"https:\/\/www.ticmais.pt\/index.php?rest_route=\/wp\/v2\/posts"}],"about":[{"href":"https:\/\/www.ticmais.pt\/index.php?rest_route=\/wp\/v2\/types\/post"}],"author":[{"embeddable":true,"href":"https:\/\/www.ticmais.pt\/index.php?rest_route=\/wp\/v2\/users\/1"}],"replies":[{"embeddable":true,"href":"https:\/\/www.ticmais.pt\/index.php?rest_route=%2Fwp%2Fv2%2Fcomments&post=6773"}],"version-history":[{"count":0,"href":"https:\/\/www.ticmais.pt\/index.php?rest_route=\/wp\/v2\/posts\/6773\/revisions"}],"wp:attachment":[{"href":"https:\/\/www.ticmais.pt\/index.php?rest_route=%2Fwp%2Fv2%2Fmedia&parent=6773"}],"wp:term":[{"taxonomy":"category","embeddable":true,"href":"https:\/\/www.ticmais.pt\/index.php?rest_route=%2Fwp%2Fv2%2Fcategories&post=6773"},{"taxonomy":"post_tag","embeddable":true,"href":"https:\/\/www.ticmais.pt\/index.php?rest_route=%2Fwp%2Fv2%2Ftags&post=6773"}],"curies":[{"name":"wp","href":"https:\/\/api.w.org\/{rel}","templated":true}]}}