{"id":6781,"date":"2022-01-16T23:50:26","date_gmt":"2022-01-16T22:50:26","guid":{"rendered":"https:\/\/www.ticmais.pt\/?p=6781"},"modified":"2022-01-16T23:52:54","modified_gmt":"2022-01-16T22:52:54","slug":"projeto-europeu-liderado-por-portugal-quer-uso-generalizado-de-carros-eletricos","status":"publish","type":"post","link":"https:\/\/www.ticmais.pt\/?p=6781","title":{"rendered":"Projeto europeu liderado por Portugal quer uso generalizado de carros el\u00e9tricos"},"content":{"rendered":"<p><img decoding=\"async\" class=\"alignleft\" src=\"https:\/\/www.ticmais.pt\/ticmais\/imagens\/Projeto-europeu-liderado-por-Portugal-quer-uso-generalizado-de-carros-eltricos.jpg\" \/><\/p>\n<p style=\"text-align: justify;\">O uso generalizado de carros el\u00e9tricos \u00e9 o objetivo de um projeto europeu de nove milh\u00f5es de euros e que ser\u00e1 liderado por uma institui\u00e7\u00e3o portuguesa, com S\u00e3o Miguel, nos A\u00e7ores, como local de testagem das novas propostas. <a href=\"https:\/\/tek.sapo.pt\/noticias\/negocios\/artigos\/projeto-europeu-liderado-por-portugal-quer-uso-generalizado-de-carros-eletricos\">Mais&#8230;<\/a><\/p>\n","protected":false},"excerpt":{"rendered":"<p>O uso generalizado de carros el\u00e9tricos \u00e9 o objetivo de um projeto europeu de nove milh\u00f5es de euros e que ser\u00e1 liderado por uma institui\u00e7\u00e3o portuguesa, com S\u00e3o Miguel, nos A\u00e7ores, como local de testagem das novas propostas. Mais&#8230;<\/p>\n","protected":false},"author":1,"featured_media":0,"comment_status":"closed","ping_status":"closed","sticky":false,"template":"","format":"standard","meta":{"footnotes":""},"categories":[15],"tags":[520,4391,4393,4390,4392,4389,132,2534,59],"class_list":["post-6781","post","type-post","status-publish","format-standard","hentry","category-tic-mais","tag-dinamarca","tag-eslovenia","tag-europeu","tag-ev4eu","tag-grecia","tag-inesc-id","tag-portugal","tag-projeto","tag-veiculos-electricos"],"_links":{"self":[{"href":"https:\/\/www.ticmais.pt\/index.php?rest_route=\/wp\/v2\/posts\/6781","targetHints":{"allow":["GET"]}}],"collection":[{"href":"https:\/\/www.ticmais.pt\/index.php?rest_route=\/wp\/v2\/posts"}],"about":[{"href":"https:\/\/www.ticmais.pt\/index.php?rest_route=\/wp\/v2\/types\/post"}],"author":[{"embeddable":true,"href":"https:\/\/www.ticmais.pt\/index.php?rest_route=\/wp\/v2\/users\/1"}],"replies":[{"embeddable":true,"href":"https:\/\/www.ticmais.pt\/index.php?rest_route=%2Fwp%2Fv2%2Fcomments&post=6781"}],"version-history":[{"count":0,"href":"https:\/\/www.ticmais.pt\/index.php?rest_route=\/wp\/v2\/posts\/6781\/revisions"}],"wp:attachment":[{"href":"https:\/\/www.ticmais.pt\/index.php?rest_route=%2Fwp%2Fv2%2Fmedia&parent=6781"}],"wp:term":[{"taxonomy":"category","embeddable":true,"href":"https:\/\/www.ticmais.pt\/index.php?rest_route=%2Fwp%2Fv2%2Fcategories&post=6781"},{"taxonomy":"post_tag","embeddable":true,"href":"https:\/\/www.ticmais.pt\/index.php?rest_route=%2Fwp%2Fv2%2Ftags&post=6781"}],"curies":[{"name":"wp","href":"https:\/\/api.w.org\/{rel}","templated":true}]}}