{"id":6782,"date":"2022-01-17T00:03:23","date_gmt":"2022-01-16T23:03:23","guid":{"rendered":"https:\/\/www.ticmais.pt\/?p=6782"},"modified":"2022-01-17T00:05:14","modified_gmt":"2022-01-16T23:05:14","slug":"legislativas-2022-ja-se-pode-inscrever-para-voto-antecipado","status":"publish","type":"post","link":"https:\/\/www.ticmais.pt\/?p=6782","title":{"rendered":"Legislativas 2022: J\u00e1 se pode inscrever para Voto antecipado"},"content":{"rendered":"<p><img decoding=\"async\" class=\"alignleft\" src=\"https:\/\/www.ticmais.pt\/ticmais\/imagens\/Legislativas-2022-J-se-pode-inscrever-para-Voto-antecipado.jpg\" \/><\/p>\n<p style=\"text-align: justify;\">Nas pr\u00f3ximas elei\u00e7\u00f5es legislativas ser\u00e1 poss\u00edvel o voto antecipado, permitindo aos eleitores recenseados em territ\u00f3rio nacional votar em qualquer ponto do Pa\u00eds, nas mesas de voto constitu\u00eddas para o efeito, independentemente do seu local de voto registado nos cadernos eleitorais.<br \/>\nCome\u00e7a hoje o per\u00edodo para se inscrever no voto antecipado. <a href=\"https:\/\/pplware.sapo.pt\/internet\/legislativas-2022-ja-se-pode-inscrever-para-voto-antecipado\/\">Saiba o que tem de fazer<\/a>.<\/p>\n","protected":false},"excerpt":{"rendered":"<p>Nas pr\u00f3ximas elei\u00e7\u00f5es legislativas ser\u00e1 poss\u00edvel o voto antecipado, permitindo aos eleitores recenseados em territ\u00f3rio nacional votar em qualquer ponto do Pa\u00eds, nas mesas de voto constitu\u00eddas para o efeito, independentemente do seu local de voto registado nos cadernos eleitorais. Come\u00e7a hoje o per\u00edodo para se inscrever no voto antecipado. Saiba o que tem de [&hellip;]<\/p>\n","protected":false},"author":1,"featured_media":0,"comment_status":"closed","ping_status":"closed","sticky":false,"template":"","format":"standard","meta":{"footnotes":""},"categories":[15],"tags":[1076,188,4394,132,4395],"class_list":["post-6782","post","type-post","status-publish","format-standard","hentry","category-tic-mais","tag-1076","tag-eleicoes","tag-legislativas","tag-portugal","tag-voto-antecipado"],"_links":{"self":[{"href":"https:\/\/www.ticmais.pt\/index.php?rest_route=\/wp\/v2\/posts\/6782","targetHints":{"allow":["GET"]}}],"collection":[{"href":"https:\/\/www.ticmais.pt\/index.php?rest_route=\/wp\/v2\/posts"}],"about":[{"href":"https:\/\/www.ticmais.pt\/index.php?rest_route=\/wp\/v2\/types\/post"}],"author":[{"embeddable":true,"href":"https:\/\/www.ticmais.pt\/index.php?rest_route=\/wp\/v2\/users\/1"}],"replies":[{"embeddable":true,"href":"https:\/\/www.ticmais.pt\/index.php?rest_route=%2Fwp%2Fv2%2Fcomments&post=6782"}],"version-history":[{"count":0,"href":"https:\/\/www.ticmais.pt\/index.php?rest_route=\/wp\/v2\/posts\/6782\/revisions"}],"wp:attachment":[{"href":"https:\/\/www.ticmais.pt\/index.php?rest_route=%2Fwp%2Fv2%2Fmedia&parent=6782"}],"wp:term":[{"taxonomy":"category","embeddable":true,"href":"https:\/\/www.ticmais.pt\/index.php?rest_route=%2Fwp%2Fv2%2Fcategories&post=6782"},{"taxonomy":"post_tag","embeddable":true,"href":"https:\/\/www.ticmais.pt\/index.php?rest_route=%2Fwp%2Fv2%2Ftags&post=6782"}],"curies":[{"name":"wp","href":"https:\/\/api.w.org\/{rel}","templated":true}]}}