{"id":6792,"date":"2022-02-11T17:26:05","date_gmt":"2022-02-11T16:26:05","guid":{"rendered":"https:\/\/www.ticmais.pt\/?p=6792"},"modified":"2022-02-11T17:26:05","modified_gmt":"2022-02-11T16:26:05","slug":"queda-dos-satelites-da-starlink-registada-em-video-impressionante","status":"publish","type":"post","link":"https:\/\/www.ticmais.pt\/?p=6792","title":{"rendered":"Queda dos sat\u00e9lites da Starlink registada em v\u00eddeo impressionante"},"content":{"rendered":"<p><img decoding=\"async\" class=\"alignleft\" src=\"https:\/\/www.ticmais.pt\/ticmais\/imagens\/Queda-dos-satlites-da-Starlink-registada-em-vdeo-impressionante.jpg\" \/><\/p>\n<p style=\"text-align: justify;\">Os sat\u00e9lites que a Starlink da SpaceX perdeu h\u00e1 uns dias rasgaram o c\u00e9u de Porto Rico e o momento ficou eternizado num v\u00eddeo impressionante. Embora tenham sido avistados a olho nu, a empresa espacial garantiu que a queda n\u00e3o representou qualquer perigo para os objetos que se encontram no espa\u00e7o nem para os humanos que est\u00e3o na Terra. <a href=\"https:\/\/pplware.sapo.pt\/ciencia\/queda-dos-satelites-da-starlink-registada-em-video-impressionante\/\">Mais&#8230;<\/a><\/p>\n","protected":false},"excerpt":{"rendered":"<p>Os sat\u00e9lites que a Starlink da SpaceX perdeu h\u00e1 uns dias rasgaram o c\u00e9u de Porto Rico e o momento ficou eternizado num v\u00eddeo impressionante. Embora tenham sido avistados a olho nu, a empresa espacial garantiu que a queda n\u00e3o representou qualquer perigo para os objetos que se encontram no espa\u00e7o nem para os humanos [&hellip;]<\/p>\n","protected":false},"author":1,"featured_media":0,"comment_status":"closed","ping_status":"closed","sticky":false,"template":"","format":"standard","meta":{"footnotes":""},"categories":[15],"tags":[4405,100,4404],"class_list":["post-6792","post","type-post","status-publish","format-standard","hentry","category-tic-mais","tag-queda","tag-satelites","tag-starlink"],"_links":{"self":[{"href":"https:\/\/www.ticmais.pt\/index.php?rest_route=\/wp\/v2\/posts\/6792","targetHints":{"allow":["GET"]}}],"collection":[{"href":"https:\/\/www.ticmais.pt\/index.php?rest_route=\/wp\/v2\/posts"}],"about":[{"href":"https:\/\/www.ticmais.pt\/index.php?rest_route=\/wp\/v2\/types\/post"}],"author":[{"embeddable":true,"href":"https:\/\/www.ticmais.pt\/index.php?rest_route=\/wp\/v2\/users\/1"}],"replies":[{"embeddable":true,"href":"https:\/\/www.ticmais.pt\/index.php?rest_route=%2Fwp%2Fv2%2Fcomments&post=6792"}],"version-history":[{"count":0,"href":"https:\/\/www.ticmais.pt\/index.php?rest_route=\/wp\/v2\/posts\/6792\/revisions"}],"wp:attachment":[{"href":"https:\/\/www.ticmais.pt\/index.php?rest_route=%2Fwp%2Fv2%2Fmedia&parent=6792"}],"wp:term":[{"taxonomy":"category","embeddable":true,"href":"https:\/\/www.ticmais.pt\/index.php?rest_route=%2Fwp%2Fv2%2Fcategories&post=6792"},{"taxonomy":"post_tag","embeddable":true,"href":"https:\/\/www.ticmais.pt\/index.php?rest_route=%2Fwp%2Fv2%2Ftags&post=6792"}],"curies":[{"name":"wp","href":"https:\/\/api.w.org\/{rel}","templated":true}]}}