{"id":6806,"date":"2022-03-25T01:22:56","date_gmt":"2022-03-25T00:22:56","guid":{"rendered":"https:\/\/www.ticmais.pt\/?p=6806"},"modified":"2022-03-25T01:22:56","modified_gmt":"2022-03-25T00:22:56","slug":"banda-larga-passou-a-pesar-mais-no-bolso-das-familias-portugueses-tambem-pagam-mais-que-europeus","status":"publish","type":"post","link":"https:\/\/www.ticmais.pt\/?p=6806","title":{"rendered":"Banda larga passou a pesar mais no bolso das fam\u00edlias. Portugueses tamb\u00e9m pagam mais que europeus"},"content":{"rendered":"<p><img decoding=\"async\" class=\"alignleft\" src=\"https:\/\/www.ticmais.pt\/ticmais\/imagens\/Banda-larga-passou-a-pesar-mais-no-bolso-das-famlias.-Portugueses-tambm-pagam-mais-que-europeus.jpg\" \/><\/p>\n<p style=\"text-align: justify;\">As conclus\u00f5es s\u00e3o da Uni\u00e3o Internacional das Telecomunica\u00e7\u00f5es. Ao longo do ano passado a banda larga tornou-se um bem mais dif\u00edcil de pagar para muitas fam\u00edlias, que viram aumentar o peso relativo do servi\u00e7o no seu or\u00e7amento familiar. Portugal, na compara\u00e7\u00e3o com o resto da Europa, tamb\u00e9m fica a perder. <a href=\"https:\/\/tek.sapo.pt\/noticias\/telecomunicacoes\/artigos\/banda-larga-passou-a-pesar-mais-no-bolso-das-familias-portugueses-tambem-pagam-mais-que-europeus\">Mais&#8230;<\/a><\/p>\n","protected":false},"excerpt":{"rendered":"<p>As conclus\u00f5es s\u00e3o da Uni\u00e3o Internacional das Telecomunica\u00e7\u00f5es. Ao longo do ano passado a banda larga tornou-se um bem mais dif\u00edcil de pagar para muitas fam\u00edlias, que viram aumentar o peso relativo do servi\u00e7o no seu or\u00e7amento familiar. Portugal, na compara\u00e7\u00e3o com o resto da Europa, tamb\u00e9m fica a perder. Mais&#8230;<\/p>\n","protected":false},"author":1,"featured_media":0,"comment_status":"closed","ping_status":"closed","sticky":false,"template":"","format":"standard","meta":{"footnotes":""},"categories":[15],"tags":[769,132,265,35,4420],"class_list":["post-6806","post","type-post","status-publish","format-standard","hentry","category-tic-mais","tag-banda-larga","tag-portugal","tag-precos","tag-telecomunicacoes","tag-the-affordability-of-ict"],"_links":{"self":[{"href":"https:\/\/www.ticmais.pt\/index.php?rest_route=\/wp\/v2\/posts\/6806","targetHints":{"allow":["GET"]}}],"collection":[{"href":"https:\/\/www.ticmais.pt\/index.php?rest_route=\/wp\/v2\/posts"}],"about":[{"href":"https:\/\/www.ticmais.pt\/index.php?rest_route=\/wp\/v2\/types\/post"}],"author":[{"embeddable":true,"href":"https:\/\/www.ticmais.pt\/index.php?rest_route=\/wp\/v2\/users\/1"}],"replies":[{"embeddable":true,"href":"https:\/\/www.ticmais.pt\/index.php?rest_route=%2Fwp%2Fv2%2Fcomments&post=6806"}],"version-history":[{"count":0,"href":"https:\/\/www.ticmais.pt\/index.php?rest_route=\/wp\/v2\/posts\/6806\/revisions"}],"wp:attachment":[{"href":"https:\/\/www.ticmais.pt\/index.php?rest_route=%2Fwp%2Fv2%2Fmedia&parent=6806"}],"wp:term":[{"taxonomy":"category","embeddable":true,"href":"https:\/\/www.ticmais.pt\/index.php?rest_route=%2Fwp%2Fv2%2Fcategories&post=6806"},{"taxonomy":"post_tag","embeddable":true,"href":"https:\/\/www.ticmais.pt\/index.php?rest_route=%2Fwp%2Fv2%2Ftags&post=6806"}],"curies":[{"name":"wp","href":"https:\/\/api.w.org\/{rel}","templated":true}]}}