{"id":6814,"date":"2022-04-13T02:17:28","date_gmt":"2022-04-13T01:17:28","guid":{"rendered":"https:\/\/www.ticmais.pt\/?p=6814"},"modified":"2022-04-13T01:56:18","modified_gmt":"2022-04-13T00:56:18","slug":"bruxelas-leva-portugal-a-tribunal-por-falha-na-transposicao-da-lei-europeia-das-comunicacoes","status":"publish","type":"post","link":"https:\/\/www.ticmais.pt\/?p=6814","title":{"rendered":"Bruxelas leva Portugal a tribunal por falha na transposi\u00e7\u00e3o da lei europeia das comunica\u00e7\u00f5es"},"content":{"rendered":"<p><img decoding=\"async\" class=\"alignleft\" src=\"https:\/\/www.ticmais.pt\/ticmais\/imagens\/Bruxelas-leva-Portugal-a-tribunal-por-falha-na-transposio-da-lei-europeia-das-comunicaes.jpg\" \/><\/p>\n<p style=\"text-align: justify;\">A Comiss\u00e3o Europeia vai avan\u00e7ar com um processo no Tribunal de Justi\u00e7a da Uni\u00e3o Europeia por Portugal ter falhado a transposi\u00e7\u00e3o do C\u00f3digo Europeu das Comunica\u00e7\u00f5es Eletr\u00f3nicas. Espanha, Cro\u00e1cia, Let\u00f3nia, Litu\u00e2nia, Irlanda, Pol\u00f3nia, Rom\u00e9nia, Eslov\u00e9nia e Su\u00e9cia tamb\u00e9m s\u00e3o visadas nos processos. <a href=\"https:\/\/tek.sapo.pt\/noticias\/telecomunicacoes\/artigos\/bruxelas-leva-portugal-a-tribunal-por-falha-na-transposicao-da-lei-europeia-das-comunicacoes\">Mais&#8230;<\/a><\/p>\n","protected":false},"excerpt":{"rendered":"<p>A Comiss\u00e3o Europeia vai avan\u00e7ar com um processo no Tribunal de Justi\u00e7a da Uni\u00e3o Europeia por Portugal ter falhado a transposi\u00e7\u00e3o do C\u00f3digo Europeu das Comunica\u00e7\u00f5es Eletr\u00f3nicas. Espanha, Cro\u00e1cia, Let\u00f3nia, Litu\u00e2nia, Irlanda, Pol\u00f3nia, Rom\u00e9nia, Eslov\u00e9nia e Su\u00e9cia tamb\u00e9m s\u00e3o visadas nos processos. Mais&#8230;<\/p>\n","protected":false},"author":1,"featured_media":0,"comment_status":"closed","ping_status":"closed","sticky":false,"template":"","format":"standard","meta":{"footnotes":""},"categories":[15],"tags":[4424,132,2063,99],"class_list":["post-6814","post","type-post","status-publish","format-standard","hentry","category-tic-mais","tag-codigo-europeu-das-comunicacoes-eletronicas","tag-portugal","tag-tribunal-de-justica","tag-uniao-europeia"],"_links":{"self":[{"href":"https:\/\/www.ticmais.pt\/index.php?rest_route=\/wp\/v2\/posts\/6814","targetHints":{"allow":["GET"]}}],"collection":[{"href":"https:\/\/www.ticmais.pt\/index.php?rest_route=\/wp\/v2\/posts"}],"about":[{"href":"https:\/\/www.ticmais.pt\/index.php?rest_route=\/wp\/v2\/types\/post"}],"author":[{"embeddable":true,"href":"https:\/\/www.ticmais.pt\/index.php?rest_route=\/wp\/v2\/users\/1"}],"replies":[{"embeddable":true,"href":"https:\/\/www.ticmais.pt\/index.php?rest_route=%2Fwp%2Fv2%2Fcomments&post=6814"}],"version-history":[{"count":0,"href":"https:\/\/www.ticmais.pt\/index.php?rest_route=\/wp\/v2\/posts\/6814\/revisions"}],"wp:attachment":[{"href":"https:\/\/www.ticmais.pt\/index.php?rest_route=%2Fwp%2Fv2%2Fmedia&parent=6814"}],"wp:term":[{"taxonomy":"category","embeddable":true,"href":"https:\/\/www.ticmais.pt\/index.php?rest_route=%2Fwp%2Fv2%2Fcategories&post=6814"},{"taxonomy":"post_tag","embeddable":true,"href":"https:\/\/www.ticmais.pt\/index.php?rest_route=%2Fwp%2Fv2%2Ftags&post=6814"}],"curies":[{"name":"wp","href":"https:\/\/api.w.org\/{rel}","templated":true}]}}