{"id":6820,"date":"2022-04-22T10:13:01","date_gmt":"2022-04-22T09:13:01","guid":{"rendered":"https:\/\/www.ticmais.pt\/?p=6820"},"modified":"2022-04-22T11:39:19","modified_gmt":"2022-04-22T10:39:19","slug":"pare-ouca-e-comece-a-agir-hoje-e-o-dia-da-terra","status":"publish","type":"post","link":"https:\/\/www.ticmais.pt\/?p=6820","title":{"rendered":"Pare, ou\u00e7a e comece a agir: hoje \u00e9 o Dia da Terra"},"content":{"rendered":"<p><img decoding=\"async\" class=\"alignleft\" src=\"https:\/\/www.ticmais.pt\/ticmais\/imagens\/Pare-oua-e-comece-a-agir-hoje-o-Dia-da-Terra.jpg\" \/><\/p>\n<p style=\"text-align: justify;\">Em 1970, o tom era de urg\u00eancia, mas tamb\u00e9m de entusiasmo: \u201c22 de Abril almeja um futuro que valha a pena viver.\u201d A frase fazia parte do an\u00fancio publicado no New York Times, que se lia como um manifesto, escrito pelos organizadores do primeiro Dia da Terra, e anunciava o evento. O manuscrito foi mais um impulso para que 20 milh\u00f5es de pessoas sa\u00edssem \u00e0 rua nos Estados Unidos para lutar pelo ambiente e por um futuro em que se pudesse respirar melhor. <a href=\"https:\/\/www.publico.pt\/2022\/04\/22\/infografia\/pare-ouca-comece-agir-hoje-dia-terra-690?ref=hp&amp;cx=stories_cover__important_b--507490\">Mais&#8230;<\/a><\/p>\n","protected":false},"excerpt":{"rendered":"<p>Em 1970, o tom era de urg\u00eancia, mas tamb\u00e9m de entusiasmo: \u201c22 de Abril almeja um futuro que valha a pena viver.\u201d A frase fazia parte do an\u00fancio publicado no New York Times, que se lia como um manifesto, escrito pelos organizadores do primeiro Dia da Terra, e anunciava o evento. O manuscrito foi mais [&hellip;]<\/p>\n","protected":false},"author":1,"featured_media":0,"comment_status":"closed","ping_status":"closed","sticky":false,"template":"","format":"standard","meta":{"footnotes":""},"categories":[15],"tags":[2142],"class_list":["post-6820","post","type-post","status-publish","format-standard","hentry","category-tic-mais","tag-dia-da-terra"],"_links":{"self":[{"href":"https:\/\/www.ticmais.pt\/index.php?rest_route=\/wp\/v2\/posts\/6820","targetHints":{"allow":["GET"]}}],"collection":[{"href":"https:\/\/www.ticmais.pt\/index.php?rest_route=\/wp\/v2\/posts"}],"about":[{"href":"https:\/\/www.ticmais.pt\/index.php?rest_route=\/wp\/v2\/types\/post"}],"author":[{"embeddable":true,"href":"https:\/\/www.ticmais.pt\/index.php?rest_route=\/wp\/v2\/users\/1"}],"replies":[{"embeddable":true,"href":"https:\/\/www.ticmais.pt\/index.php?rest_route=%2Fwp%2Fv2%2Fcomments&post=6820"}],"version-history":[{"count":0,"href":"https:\/\/www.ticmais.pt\/index.php?rest_route=\/wp\/v2\/posts\/6820\/revisions"}],"wp:attachment":[{"href":"https:\/\/www.ticmais.pt\/index.php?rest_route=%2Fwp%2Fv2%2Fmedia&parent=6820"}],"wp:term":[{"taxonomy":"category","embeddable":true,"href":"https:\/\/www.ticmais.pt\/index.php?rest_route=%2Fwp%2Fv2%2Fcategories&post=6820"},{"taxonomy":"post_tag","embeddable":true,"href":"https:\/\/www.ticmais.pt\/index.php?rest_route=%2Fwp%2Fv2%2Ftags&post=6820"}],"curies":[{"name":"wp","href":"https:\/\/api.w.org\/{rel}","templated":true}]}}