{"id":6839,"date":"2022-06-22T14:03:33","date_gmt":"2022-06-22T13:03:33","guid":{"rendered":"https:\/\/www.ticmais.pt\/?p=6839"},"modified":"2022-06-22T14:04:59","modified_gmt":"2022-06-22T13:04:59","slug":"altice-portugal-vai-receber-o-mais-longo-cabo-submarino-do-mediterraneo","status":"publish","type":"post","link":"https:\/\/www.ticmais.pt\/?p=6839","title":{"rendered":"Altice: Portugal vai receber o mais longo cabo submarino do Mediterr\u00e2neo"},"content":{"rendered":"<p><img decoding=\"async\" class=\"alignleft\" src=\"https:\/\/www.ticmais.pt\/ticmais\/imagens\/Altice-Portugal-vai-receber-o-mais-longo-cabo-submarino-do-Mediterrneo.jpg\" \/><\/p>\n<p style=\"text-align: justify;\">Portugal vai ser local da amarra\u00e7\u00e3o de mais um cabo submarino. De referir que o sistema de cabos submarinos podem representar um impacto at\u00e9 500 milh\u00f5es euros para Portugal e h\u00e1 informa\u00e7\u00f5es que nos pr\u00f3ximos tr\u00eas anos o nosso pa\u00eds venha a ter mais infraestruturas.<br \/>\nDe acordo com informa\u00e7\u00f5es recentes da Altice, Portugal vai receber o mais longo cabo submarino do Mediterr\u00e2neo. <a href=\"https:\/\/pplware.sapo.pt\/internet\/altice-portugal-vai-receber-o-mais-longo-cabo-submarino-do-mediterraneo\/\">Mais&#8230;<\/a><\/p>\n","protected":false},"excerpt":{"rendered":"<p>Portugal vai ser local da amarra\u00e7\u00e3o de mais um cabo submarino. De referir que o sistema de cabos submarinos podem representar um impacto at\u00e9 500 milh\u00f5es euros para Portugal e h\u00e1 informa\u00e7\u00f5es que nos pr\u00f3ximos tr\u00eas anos o nosso pa\u00eds venha a ter mais infraestruturas. De acordo com informa\u00e7\u00f5es recentes da Altice, Portugal vai receber [&hellip;]<\/p>\n","protected":false},"author":1,"featured_media":0,"comment_status":"closed","ping_status":"closed","sticky":false,"template":"","format":"standard","meta":{"footnotes":""},"categories":[15],"tags":[3779,4444,4445],"class_list":["post-6839","post","type-post","status-publish","format-standard","hentry","category-tic-mais","tag-altice-portugal","tag-cabo-submarino","tag-mediterraneo"],"_links":{"self":[{"href":"https:\/\/www.ticmais.pt\/index.php?rest_route=\/wp\/v2\/posts\/6839","targetHints":{"allow":["GET"]}}],"collection":[{"href":"https:\/\/www.ticmais.pt\/index.php?rest_route=\/wp\/v2\/posts"}],"about":[{"href":"https:\/\/www.ticmais.pt\/index.php?rest_route=\/wp\/v2\/types\/post"}],"author":[{"embeddable":true,"href":"https:\/\/www.ticmais.pt\/index.php?rest_route=\/wp\/v2\/users\/1"}],"replies":[{"embeddable":true,"href":"https:\/\/www.ticmais.pt\/index.php?rest_route=%2Fwp%2Fv2%2Fcomments&post=6839"}],"version-history":[{"count":0,"href":"https:\/\/www.ticmais.pt\/index.php?rest_route=\/wp\/v2\/posts\/6839\/revisions"}],"wp:attachment":[{"href":"https:\/\/www.ticmais.pt\/index.php?rest_route=%2Fwp%2Fv2%2Fmedia&parent=6839"}],"wp:term":[{"taxonomy":"category","embeddable":true,"href":"https:\/\/www.ticmais.pt\/index.php?rest_route=%2Fwp%2Fv2%2Fcategories&post=6839"},{"taxonomy":"post_tag","embeddable":true,"href":"https:\/\/www.ticmais.pt\/index.php?rest_route=%2Fwp%2Fv2%2Ftags&post=6839"}],"curies":[{"name":"wp","href":"https:\/\/api.w.org\/{rel}","templated":true}]}}