{"id":6840,"date":"2022-06-22T14:11:18","date_gmt":"2022-06-22T13:11:18","guid":{"rendered":"https:\/\/www.ticmais.pt\/?p=6840"},"modified":"2022-06-22T14:11:18","modified_gmt":"2022-06-22T13:11:18","slug":"espanha-vai-baixar-iva-da-eletricidade-para-5","status":"publish","type":"post","link":"https:\/\/www.ticmais.pt\/?p=6840","title":{"rendered":"Espanha vai baixar IVA da eletricidade para 5%"},"content":{"rendered":"<p style=\"text-align: justify;\"><img decoding=\"async\" class=\"alignleft\" src=\"https:\/\/www.ticmais.pt\/ticmais\/imagens\/Espanha-vai-baixar-IVA-da-eletricidade-para-5.jpg\" \/><\/p>\n<p style=\"text-align: justify;\">\u00c9 a segunda vez no \u00faltimo ano que o governo espanhol reduz o IVA. Al\u00e9m disso, em junho de 2021, acabou com o imposto sobre a gera\u00e7\u00e3o de eletricidade e baixou o designado imposto especial de 5,1% para 0,5%. <a href=\"https:\/\/www.dn.pt\/internacional\/espanha-vai-baixar-iva-da-eletricidade-para-5-14958843.html\">Mais&#8230;<\/a><\/p>\n","protected":false},"excerpt":{"rendered":"<p>\u00c9 a segunda vez no \u00faltimo ano que o governo espanhol reduz o IVA. Al\u00e9m disso, em junho de 2021, acabou com o imposto sobre a gera\u00e7\u00e3o de eletricidade e baixou o designado imposto especial de 5,1% para 0,5%. Mais&#8230;<\/p>\n","protected":false},"author":1,"featured_media":0,"comment_status":"closed","ping_status":"closed","sticky":false,"template":"","format":"standard","meta":{"footnotes":""},"categories":[15],"tags":[2592,151,1541],"class_list":["post-6840","post","type-post","status-publish","format-standard","hentry","category-tic-mais","tag-eletricidade","tag-espanha","tag-iva"],"_links":{"self":[{"href":"https:\/\/www.ticmais.pt\/index.php?rest_route=\/wp\/v2\/posts\/6840","targetHints":{"allow":["GET"]}}],"collection":[{"href":"https:\/\/www.ticmais.pt\/index.php?rest_route=\/wp\/v2\/posts"}],"about":[{"href":"https:\/\/www.ticmais.pt\/index.php?rest_route=\/wp\/v2\/types\/post"}],"author":[{"embeddable":true,"href":"https:\/\/www.ticmais.pt\/index.php?rest_route=\/wp\/v2\/users\/1"}],"replies":[{"embeddable":true,"href":"https:\/\/www.ticmais.pt\/index.php?rest_route=%2Fwp%2Fv2%2Fcomments&post=6840"}],"version-history":[{"count":0,"href":"https:\/\/www.ticmais.pt\/index.php?rest_route=\/wp\/v2\/posts\/6840\/revisions"}],"wp:attachment":[{"href":"https:\/\/www.ticmais.pt\/index.php?rest_route=%2Fwp%2Fv2%2Fmedia&parent=6840"}],"wp:term":[{"taxonomy":"category","embeddable":true,"href":"https:\/\/www.ticmais.pt\/index.php?rest_route=%2Fwp%2Fv2%2Fcategories&post=6840"},{"taxonomy":"post_tag","embeddable":true,"href":"https:\/\/www.ticmais.pt\/index.php?rest_route=%2Fwp%2Fv2%2Ftags&post=6840"}],"curies":[{"name":"wp","href":"https:\/\/api.w.org\/{rel}","templated":true}]}}