{"id":6843,"date":"2022-07-01T02:06:50","date_gmt":"2022-07-01T01:06:50","guid":{"rendered":"https:\/\/www.ticmais.pt\/?p=6843"},"modified":"2022-07-01T02:09:34","modified_gmt":"2022-07-01T01:09:34","slug":"deco-diz-que-proposta-do-governo-sobre-comunicacoes-eletronicas-e-uma-oportunidade-perdida","status":"publish","type":"post","link":"https:\/\/www.ticmais.pt\/?p=6843","title":{"rendered":"Deco diz que proposta do Governo sobre comunica\u00e7\u00f5es eletr\u00f3nicas \u00e9 &#8220;uma oportunidade perdida&#8221;"},"content":{"rendered":"<p><img decoding=\"async\" class=\"alignleft\" src=\"https:\/\/www.ticmais.pt\/ticmais\/imagens\/Deco-diz-que-proposta-do-Governo-sobre-comunicaes-eletrnicas-uma-oportunidade-perdida.jpg\" \/><\/p>\n<p style=\"text-align: justify;\">A Deco instou hoje os deputados a &#8220;finalmente p\u00f4r um ponto final&#8221; \u00e0s reclama\u00e7\u00f5es dos consumidores sobre comunica\u00e7\u00f5es eletr\u00f3nicas, nomeadamente sobre o per\u00edodo de fideliza\u00e7\u00e3o, criticando a atual proposta de projeto de lei que considera uma &#8220;oportunidade perdida&#8221;. <a href=\"https:\/\/tek.sapo.pt\/noticias\/telecomunicacoes\/artigos\/deco-diz-que-proposta-do-governo-sobre-comunicacoes-eletronicas-e-uma-oportunidade-perdida\">Mais&#8230;<\/a><\/p>\n","protected":false},"excerpt":{"rendered":"<p>A Deco instou hoje os deputados a &#8220;finalmente p\u00f4r um ponto final&#8221; \u00e0s reclama\u00e7\u00f5es dos consumidores sobre comunica\u00e7\u00f5es eletr\u00f3nicas, nomeadamente sobre o per\u00edodo de fideliza\u00e7\u00e3o, criticando a atual proposta de projeto de lei que considera uma &#8220;oportunidade perdida&#8221;. Mais&#8230;<\/p>\n","protected":false},"author":1,"featured_media":0,"comment_status":"closed","ping_status":"closed","sticky":false,"template":"","format":"standard","meta":{"footnotes":""},"categories":[15],"tags":[4450,295,4449,4305,2534,4448],"class_list":["post-6843","post","type-post","status-publish","format-standard","hentry","category-tic-mais","tag-cece","tag-deco","tag-lce","tag-lei-das-comunicacoes-eletronicas","tag-projeto","tag-proposta-de-lei"],"_links":{"self":[{"href":"https:\/\/www.ticmais.pt\/index.php?rest_route=\/wp\/v2\/posts\/6843","targetHints":{"allow":["GET"]}}],"collection":[{"href":"https:\/\/www.ticmais.pt\/index.php?rest_route=\/wp\/v2\/posts"}],"about":[{"href":"https:\/\/www.ticmais.pt\/index.php?rest_route=\/wp\/v2\/types\/post"}],"author":[{"embeddable":true,"href":"https:\/\/www.ticmais.pt\/index.php?rest_route=\/wp\/v2\/users\/1"}],"replies":[{"embeddable":true,"href":"https:\/\/www.ticmais.pt\/index.php?rest_route=%2Fwp%2Fv2%2Fcomments&post=6843"}],"version-history":[{"count":0,"href":"https:\/\/www.ticmais.pt\/index.php?rest_route=\/wp\/v2\/posts\/6843\/revisions"}],"wp:attachment":[{"href":"https:\/\/www.ticmais.pt\/index.php?rest_route=%2Fwp%2Fv2%2Fmedia&parent=6843"}],"wp:term":[{"taxonomy":"category","embeddable":true,"href":"https:\/\/www.ticmais.pt\/index.php?rest_route=%2Fwp%2Fv2%2Fcategories&post=6843"},{"taxonomy":"post_tag","embeddable":true,"href":"https:\/\/www.ticmais.pt\/index.php?rest_route=%2Fwp%2Fv2%2Ftags&post=6843"}],"curies":[{"name":"wp","href":"https:\/\/api.w.org\/{rel}","templated":true}]}}