{"id":6845,"date":"2022-07-07T00:58:13","date_gmt":"2022-07-06T23:58:13","guid":{"rendered":"https:\/\/www.ticmais.pt\/?p=6845"},"modified":"2022-07-07T00:59:59","modified_gmt":"2022-07-06T23:59:59","slug":"parlamento-europeu-quer-direito-a-desligar-e-prevencao-ao-tecnostress-consagrados-na-lei-em-toda-a-europa","status":"publish","type":"post","link":"https:\/\/www.ticmais.pt\/?p=6845","title":{"rendered":"Parlamento Europeu quer direito a desligar e preven\u00e7\u00e3o ao \u201ctecnostress\u201d consagrados na lei em toda a Europa"},"content":{"rendered":"<p><img decoding=\"async\" class=\"alignleft\" src=\"https:\/\/www.ticmais.pt\/ticmais\/imagens\/Parlamento-Europeu-quer-direito-a-desligar-e-preveno-ao-tecnostress-consagrados-na-lei-em-toda-a-Europa.jpg\" \/><\/p>\n<p style=\"text-align: justify;\">Sem regras iguais n\u00e3o h\u00e1 prote\u00e7\u00e3o legal igual, sublinha o Parlamento Europeu numa resolu\u00e7\u00e3o que pede medidas para proteger a sa\u00fade mental de quem est\u00e1 em teletrabalho e limites claros, para o n\u00edvel de controlo que as empresas podem exercer sobre os colaboradores. <a href=\"https:\/\/tek.sapo.pt\/noticias\/internet\/artigos\/parlamento-europeu-quer-direito-a-desligar-e-prevencao-ao-tecnostress-consagrados-na-lei-em-toda-a-europa\">Mais&#8230;<\/a><\/p>\n","protected":false},"excerpt":{"rendered":"<p>Sem regras iguais n\u00e3o h\u00e1 prote\u00e7\u00e3o legal igual, sublinha o Parlamento Europeu numa resolu\u00e7\u00e3o que pede medidas para proteger a sa\u00fade mental de quem est\u00e1 em teletrabalho e limites claros, para o n\u00edvel de controlo que as empresas podem exercer sobre os colaboradores. Mais&#8230;<\/p>\n","protected":false},"author":1,"featured_media":0,"comment_status":"closed","ping_status":"closed","sticky":false,"template":"","format":"standard","meta":{"footnotes":""},"categories":[15],"tags":[2041,248,4453,4237,4452],"class_list":["post-6845","post","type-post","status-publish","format-standard","hentry","category-tic-mais","tag-medidas","tag-parlamento-europeu","tag-prevencao","tag-resolucao","tag-tecnostress"],"_links":{"self":[{"href":"https:\/\/www.ticmais.pt\/index.php?rest_route=\/wp\/v2\/posts\/6845","targetHints":{"allow":["GET"]}}],"collection":[{"href":"https:\/\/www.ticmais.pt\/index.php?rest_route=\/wp\/v2\/posts"}],"about":[{"href":"https:\/\/www.ticmais.pt\/index.php?rest_route=\/wp\/v2\/types\/post"}],"author":[{"embeddable":true,"href":"https:\/\/www.ticmais.pt\/index.php?rest_route=\/wp\/v2\/users\/1"}],"replies":[{"embeddable":true,"href":"https:\/\/www.ticmais.pt\/index.php?rest_route=%2Fwp%2Fv2%2Fcomments&post=6845"}],"version-history":[{"count":0,"href":"https:\/\/www.ticmais.pt\/index.php?rest_route=\/wp\/v2\/posts\/6845\/revisions"}],"wp:attachment":[{"href":"https:\/\/www.ticmais.pt\/index.php?rest_route=%2Fwp%2Fv2%2Fmedia&parent=6845"}],"wp:term":[{"taxonomy":"category","embeddable":true,"href":"https:\/\/www.ticmais.pt\/index.php?rest_route=%2Fwp%2Fv2%2Fcategories&post=6845"},{"taxonomy":"post_tag","embeddable":true,"href":"https:\/\/www.ticmais.pt\/index.php?rest_route=%2Fwp%2Fv2%2Ftags&post=6845"}],"curies":[{"name":"wp","href":"https:\/\/api.w.org\/{rel}","templated":true}]}}