{"id":6857,"date":"2022-08-24T11:09:30","date_gmt":"2022-08-24T10:09:30","guid":{"rendered":"https:\/\/www.ticmais.pt\/?p=6857"},"modified":"2022-08-25T11:16:59","modified_gmt":"2022-08-25T10:16:59","slug":"politecnico-de-coimbra-vai-instalar-polo-em-cantanhede","status":"publish","type":"post","link":"https:\/\/www.ticmais.pt\/?p=6857","title":{"rendered":"Polit\u00e9cnico de Coimbra vai instalar polo em Cantanhede"},"content":{"rendered":"<p><img decoding=\"async\" class=\"alignleft\" src=\"https:\/\/www.ticmais.pt\/ticmais\/imagens\/Politcnico-de-Coimbra-vai-instalar-polo-em-Cantanhede.jpg\" \/><\/p>\n<p style=\"text-align: justify;\">Cursos de artes e tecnologias devem arrancar no pr\u00f3ximo ano letivo com cerca de 200 alunos<br \/>\nO Instituto Polit\u00e9cnico de Coimbra (IPC) vai instalar um polo de ensino superior em Cantanhede, no \u00e2mbito de uma parceria estabelecida com a C\u00e2mara de Cantanhede, revelou esta ter\u00e7a-feira a autarquia. <a href=\"https:\/\/www.jn.pt\/local\/noticias\/coimbra\/cantanhede\/politecnico-de-coimbra-vai-instalar-polo-em-cantanhede-15066588.html\">Mais&#8230;<\/a><\/p>\n","protected":false},"excerpt":{"rendered":"<p>Cursos de artes e tecnologias devem arrancar no pr\u00f3ximo ano letivo com cerca de 200 alunos O Instituto Polit\u00e9cnico de Coimbra (IPC) vai instalar um polo de ensino superior em Cantanhede, no \u00e2mbito de uma parceria estabelecida com a C\u00e2mara de Cantanhede, revelou esta ter\u00e7a-feira a autarquia. Mais&#8230;<\/p>\n","protected":false},"author":1,"featured_media":0,"comment_status":"closed","ping_status":"closed","sticky":false,"template":"","format":"standard","meta":{"footnotes":""},"categories":[15],"tags":[4283,4,3329,4457,16],"class_list":["post-6857","post","type-post","status-publish","format-standard","hentry","category-tic-mais","tag-camara-municipal","tag-cantanhede","tag-ensino-superior","tag-politecnico-de-coimbra","tag-ticmais"],"_links":{"self":[{"href":"https:\/\/www.ticmais.pt\/index.php?rest_route=\/wp\/v2\/posts\/6857","targetHints":{"allow":["GET"]}}],"collection":[{"href":"https:\/\/www.ticmais.pt\/index.php?rest_route=\/wp\/v2\/posts"}],"about":[{"href":"https:\/\/www.ticmais.pt\/index.php?rest_route=\/wp\/v2\/types\/post"}],"author":[{"embeddable":true,"href":"https:\/\/www.ticmais.pt\/index.php?rest_route=\/wp\/v2\/users\/1"}],"replies":[{"embeddable":true,"href":"https:\/\/www.ticmais.pt\/index.php?rest_route=%2Fwp%2Fv2%2Fcomments&post=6857"}],"version-history":[{"count":0,"href":"https:\/\/www.ticmais.pt\/index.php?rest_route=\/wp\/v2\/posts\/6857\/revisions"}],"wp:attachment":[{"href":"https:\/\/www.ticmais.pt\/index.php?rest_route=%2Fwp%2Fv2%2Fmedia&parent=6857"}],"wp:term":[{"taxonomy":"category","embeddable":true,"href":"https:\/\/www.ticmais.pt\/index.php?rest_route=%2Fwp%2Fv2%2Fcategories&post=6857"},{"taxonomy":"post_tag","embeddable":true,"href":"https:\/\/www.ticmais.pt\/index.php?rest_route=%2Fwp%2Fv2%2Ftags&post=6857"}],"curies":[{"name":"wp","href":"https:\/\/api.w.org\/{rel}","templated":true}]}}