{"id":6862,"date":"2022-09-07T12:21:30","date_gmt":"2022-09-07T11:21:30","guid":{"rendered":"https:\/\/www.ticmais.pt\/?p=6862"},"modified":"2022-09-07T12:21:30","modified_gmt":"2022-09-07T11:21:30","slug":"universidade-de-coimbra-integra-projeto-cientifico-europeu-no-desenvolvimento-de-materiais-reciclaveis-inovadores","status":"publish","type":"post","link":"https:\/\/www.ticmais.pt\/?p=6862","title":{"rendered":"Universidade de Coimbra integra projeto cient\u00edfico europeu no desenvolvimento de materiais recicl\u00e1veis inovadores"},"content":{"rendered":"<p style=\"text-align: justify;\"><img decoding=\"async\" class=\"alignleft\" src=\"https:\/\/www.ticmais.pt\/ticmais\/imagens\/Universidade-de-Coimbra-integra-projeto-cientfico-europeu-no-desenvolvimento-de-materiais-reciclveis-inovadores.jpg\" \/><\/p>\n<p style=\"text-align: justify;\">A Universidade de Coimbra (UC) \u00e9 um dos principais parceiros de um projeto cient\u00edfico europeu, recentemente lan\u00e7ado, que visa desenvolver materiais recicl\u00e1veis inovadores para componentes-chave em \u00e1reas diversas, a um n\u00edvel sem precedentes. <a href=\"https:\/\/tek.sapo.pt\/noticias\/ciencia\/artigos\/universidade-de-coimbra-integra-projeto-cientifico-europeu-no-desenvolvimento-de-materiais-reciclaveis-inovadores\">Mais&#8230;<\/a><\/p>\n","protected":false},"excerpt":{"rendered":"<p>A Universidade de Coimbra (UC) \u00e9 um dos principais parceiros de um projeto cient\u00edfico europeu, recentemente lan\u00e7ado, que visa desenvolver materiais recicl\u00e1veis inovadores para componentes-chave em \u00e1reas diversas, a um n\u00edvel sem precedentes. Mais&#8230;<\/p>\n","protected":false},"author":1,"featured_media":0,"comment_status":"closed","ping_status":"closed","sticky":false,"template":"","format":"standard","meta":{"footnotes":""},"categories":[15],"tags":[4393,1235,4461,4460,4459,3989],"class_list":["post-6862","post","type-post","status-publish","format-standard","hentry","category-tic-mais","tag-europeu","tag-fctuc","tag-materiais-reciclaveis-inovadores","tag-projeto-cientifico-europeu","tag-remadeari","tag-universidade-de-coimbra"],"_links":{"self":[{"href":"https:\/\/www.ticmais.pt\/index.php?rest_route=\/wp\/v2\/posts\/6862","targetHints":{"allow":["GET"]}}],"collection":[{"href":"https:\/\/www.ticmais.pt\/index.php?rest_route=\/wp\/v2\/posts"}],"about":[{"href":"https:\/\/www.ticmais.pt\/index.php?rest_route=\/wp\/v2\/types\/post"}],"author":[{"embeddable":true,"href":"https:\/\/www.ticmais.pt\/index.php?rest_route=\/wp\/v2\/users\/1"}],"replies":[{"embeddable":true,"href":"https:\/\/www.ticmais.pt\/index.php?rest_route=%2Fwp%2Fv2%2Fcomments&post=6862"}],"version-history":[{"count":0,"href":"https:\/\/www.ticmais.pt\/index.php?rest_route=\/wp\/v2\/posts\/6862\/revisions"}],"wp:attachment":[{"href":"https:\/\/www.ticmais.pt\/index.php?rest_route=%2Fwp%2Fv2%2Fmedia&parent=6862"}],"wp:term":[{"taxonomy":"category","embeddable":true,"href":"https:\/\/www.ticmais.pt\/index.php?rest_route=%2Fwp%2Fv2%2Fcategories&post=6862"},{"taxonomy":"post_tag","embeddable":true,"href":"https:\/\/www.ticmais.pt\/index.php?rest_route=%2Fwp%2Fv2%2Ftags&post=6862"}],"curies":[{"name":"wp","href":"https:\/\/api.w.org\/{rel}","templated":true}]}}