{"id":6869,"date":"2022-09-21T15:36:48","date_gmt":"2022-09-21T14:36:48","guid":{"rendered":"https:\/\/www.ticmais.pt\/?p=6869"},"modified":"2022-09-21T15:38:52","modified_gmt":"2022-09-21T14:38:52","slug":"bruxelas-da-dois-meses-a-portugal-para-transpor-novas-regras-sobre-condicoes-de-trabalho","status":"publish","type":"post","link":"https:\/\/www.ticmais.pt\/?p=6869","title":{"rendered":"Bruxelas d\u00e1 dois meses a Portugal para transpor novas regras sobre condi\u00e7\u00f5es de trabalho"},"content":{"rendered":"<p style=\"text-align: justify;\"><img decoding=\"async\" class=\"alignleft\" src=\"https:\/\/www.ticmais.pt\/ticmais\/imagens\/Bruxelas-d-dois-meses-a-Portugal-para-transpor-novas-regras-sobre-condies-de-trabalho-1.jpg\" \/><\/p>\n<p style=\"text-align: justify;\">A Comiss\u00e3o Europeia lan\u00e7ou esta quarta-feira um processo infra\u00e7\u00e3o a 19 Estados-membros, incluindo Portugal, devido \u00e0 n\u00e3o transposi\u00e7\u00e3o da legisla\u00e7\u00e3o sobre condi\u00e7\u00f5es de trabalho transparentes e previs\u00edveis na Uni\u00e3o Europeia (UE), que combate a precariedade. <a href=\"https:\/\/www.msn.com\/pt-pt\/noticias\/ultimas\/bruxelas-d%C3%A1-dois-meses-a-portugal-para-transpor-novas-regras-sobre-condi%C3%A7%C3%B5es-de-trabalho\/ar-AA124X2o?ocid=msedgntp&amp;cvid=6e87b83750214518a036050322acda0c\">Mais&#8230;<\/a><\/p>\n","protected":false},"excerpt":{"rendered":"<p>A Comiss\u00e3o Europeia lan\u00e7ou esta quarta-feira um processo infra\u00e7\u00e3o a 19 Estados-membros, incluindo Portugal, devido \u00e0 n\u00e3o transposi\u00e7\u00e3o da legisla\u00e7\u00e3o sobre condi\u00e7\u00f5es de trabalho transparentes e previs\u00edveis na Uni\u00e3o Europeia (UE), que combate a precariedade. Mais&#8230;<\/p>\n","protected":false},"author":1,"featured_media":0,"comment_status":"closed","ping_status":"closed","sticky":false,"template":"","format":"standard","meta":{"footnotes":""},"categories":[15],"tags":[1929,3495,4469,132,4468,4227],"class_list":["post-6869","post","type-post","status-publish","format-standard","hentry","category-tic-mais","tag-comissao-europeia","tag-diretiva","tag-infracao","tag-portugal","tag-processo","tag-transposicao"],"_links":{"self":[{"href":"https:\/\/www.ticmais.pt\/index.php?rest_route=\/wp\/v2\/posts\/6869","targetHints":{"allow":["GET"]}}],"collection":[{"href":"https:\/\/www.ticmais.pt\/index.php?rest_route=\/wp\/v2\/posts"}],"about":[{"href":"https:\/\/www.ticmais.pt\/index.php?rest_route=\/wp\/v2\/types\/post"}],"author":[{"embeddable":true,"href":"https:\/\/www.ticmais.pt\/index.php?rest_route=\/wp\/v2\/users\/1"}],"replies":[{"embeddable":true,"href":"https:\/\/www.ticmais.pt\/index.php?rest_route=%2Fwp%2Fv2%2Fcomments&post=6869"}],"version-history":[{"count":0,"href":"https:\/\/www.ticmais.pt\/index.php?rest_route=\/wp\/v2\/posts\/6869\/revisions"}],"wp:attachment":[{"href":"https:\/\/www.ticmais.pt\/index.php?rest_route=%2Fwp%2Fv2%2Fmedia&parent=6869"}],"wp:term":[{"taxonomy":"category","embeddable":true,"href":"https:\/\/www.ticmais.pt\/index.php?rest_route=%2Fwp%2Fv2%2Fcategories&post=6869"},{"taxonomy":"post_tag","embeddable":true,"href":"https:\/\/www.ticmais.pt\/index.php?rest_route=%2Fwp%2Fv2%2Ftags&post=6869"}],"curies":[{"name":"wp","href":"https:\/\/api.w.org\/{rel}","templated":true}]}}