{"id":6872,"date":"2022-09-22T23:58:16","date_gmt":"2022-09-22T22:58:16","guid":{"rendered":"https:\/\/www.ticmais.pt\/?p=6872"},"modified":"2022-09-23T01:58:57","modified_gmt":"2022-09-23T00:58:57","slug":"anacom-portugal-e-o-6o-pais-da-uniao-europeia-com-a-variacao-de-precos-mais-elevada-das-telecomunicacoes","status":"publish","type":"post","link":"https:\/\/www.ticmais.pt\/?p=6872","title":{"rendered":"Anacom: Portugal \u00e9 o 6\u00ba pa\u00eds da Uni\u00e3o Europeia com a varia\u00e7\u00e3o de pre\u00e7os mais elevada das telecomunica\u00e7\u00f5es"},"content":{"rendered":"<p><img decoding=\"async\" class=\"alignleft\" src=\"https:\/\/www.ticmais.pt\/ticmais\/imagens\/Anacom-Portugal-o-6-pas-da-Unio-Europeia-com-a-variao-de-preos-mais-elevada-das-telecomunicaes.jpg\" \/><\/p>\n<p style=\"text-align: justify;\">Apesar de manter os pre\u00e7os sem altera\u00e7\u00f5es face aos \u00faltimos meses, Portugal continua na lista dos pa\u00edses com a maior varia\u00e7\u00e3o de pre\u00e7os na Europa, referentes aos \u00faltimos 12 meses. <a href=\"https:\/\/tek.sapo.pt\/noticias\/telecomunicacoes\/artigos\/anacom-portugal-e-o-6o-pais-da-uniao-europeia-com-a-variacao-de-precos-mais-elevada-das-telecomunicacoes\">Mais&#8230;<\/a><\/p>\n","protected":false},"excerpt":{"rendered":"<p>Apesar de manter os pre\u00e7os sem altera\u00e7\u00f5es face aos \u00faltimos meses, Portugal continua na lista dos pa\u00edses com a maior varia\u00e7\u00e3o de pre\u00e7os na Europa, referentes aos \u00faltimos 12 meses. Mais&#8230;<\/p>\n","protected":false},"author":1,"featured_media":0,"comment_status":"closed","ping_status":"closed","sticky":false,"template":"","format":"standard","meta":{"footnotes":""},"categories":[15],"tags":[413,1140,265,716,35,99],"class_list":["post-6872","post","type-post","status-publish","format-standard","hentry","category-tic-mais","tag-anacom","tag-apritel","tag-precos","tag-ranking","tag-telecomunicacoes","tag-uniao-europeia"],"_links":{"self":[{"href":"https:\/\/www.ticmais.pt\/index.php?rest_route=\/wp\/v2\/posts\/6872","targetHints":{"allow":["GET"]}}],"collection":[{"href":"https:\/\/www.ticmais.pt\/index.php?rest_route=\/wp\/v2\/posts"}],"about":[{"href":"https:\/\/www.ticmais.pt\/index.php?rest_route=\/wp\/v2\/types\/post"}],"author":[{"embeddable":true,"href":"https:\/\/www.ticmais.pt\/index.php?rest_route=\/wp\/v2\/users\/1"}],"replies":[{"embeddable":true,"href":"https:\/\/www.ticmais.pt\/index.php?rest_route=%2Fwp%2Fv2%2Fcomments&post=6872"}],"version-history":[{"count":0,"href":"https:\/\/www.ticmais.pt\/index.php?rest_route=\/wp\/v2\/posts\/6872\/revisions"}],"wp:attachment":[{"href":"https:\/\/www.ticmais.pt\/index.php?rest_route=%2Fwp%2Fv2%2Fmedia&parent=6872"}],"wp:term":[{"taxonomy":"category","embeddable":true,"href":"https:\/\/www.ticmais.pt\/index.php?rest_route=%2Fwp%2Fv2%2Fcategories&post=6872"},{"taxonomy":"post_tag","embeddable":true,"href":"https:\/\/www.ticmais.pt\/index.php?rest_route=%2Fwp%2Fv2%2Ftags&post=6872"}],"curies":[{"name":"wp","href":"https:\/\/api.w.org\/{rel}","templated":true}]}}