{"id":6875,"date":"2022-10-03T15:21:35","date_gmt":"2022-10-03T14:21:35","guid":{"rendered":"https:\/\/www.ticmais.pt\/?p=6875"},"modified":"2022-10-03T15:21:35","modified_gmt":"2022-10-03T14:21:35","slug":"a-equidade-na-educacao-na-edicao-2021-de-education-at-a-glance-da-ocde","status":"publish","type":"post","link":"https:\/\/www.ticmais.pt\/?p=6875","title":{"rendered":"A equidade na educa\u00e7\u00e3o na edi\u00e7\u00e3o 2021 de \u201cEducation at a Glance\u201d da OCDE"},"content":{"rendered":"<p><img decoding=\"async\" class=\"alignleft\" src=\"https:\/\/www.ticmais.pt\/ticmais\/imagens\/A-Educao-em-portugal-segundo-a-OCDE.png\" \/><\/p>\n<p style=\"text-align: justify;\">A edi\u00e7\u00e3o deste ano destaca como temas centrais a igualdade de oportunidades no acesso, participa\u00e7\u00e3o e progress\u00e3o na educa\u00e7\u00e3o bem como os resultados no mercado de trabalho e a forma como s\u00e3o impactados por dimens\u00f5es como g\u00e9nero, estatuto socioecon\u00f3mico, pa\u00eds de nascimento e localiza\u00e7\u00e3o regional. <a href=\"https:\/\/www.poch.portugal2020.pt\/pt-pt\/Noticias\/Paginas\/noticia.aspx?nid=876\">Mais&#8230;<\/a><\/p>\n","protected":false},"excerpt":{"rendered":"<p>A edi\u00e7\u00e3o deste ano destaca como temas centrais a igualdade de oportunidades no acesso, participa\u00e7\u00e3o e progress\u00e3o na educa\u00e7\u00e3o bem como os resultados no mercado de trabalho e a forma como s\u00e3o impactados por dimens\u00f5es como g\u00e9nero, estatuto socioecon\u00f3mico, pa\u00eds de nascimento e localiza\u00e7\u00e3o regional. Mais&#8230;<\/p>\n","protected":false},"author":1,"featured_media":0,"comment_status":"closed","ping_status":"closed","sticky":false,"template":"","format":"standard","meta":{"footnotes":""},"categories":[15],"tags":[4161,198,4485,4486,409,132],"class_list":["post-6875","post","type-post","status-publish","format-standard","hentry","category-tic-mais","tag-4161","tag-educacao","tag-education-at-a-glance","tag-equidade","tag-ocde","tag-portugal"],"_links":{"self":[{"href":"https:\/\/www.ticmais.pt\/index.php?rest_route=\/wp\/v2\/posts\/6875","targetHints":{"allow":["GET"]}}],"collection":[{"href":"https:\/\/www.ticmais.pt\/index.php?rest_route=\/wp\/v2\/posts"}],"about":[{"href":"https:\/\/www.ticmais.pt\/index.php?rest_route=\/wp\/v2\/types\/post"}],"author":[{"embeddable":true,"href":"https:\/\/www.ticmais.pt\/index.php?rest_route=\/wp\/v2\/users\/1"}],"replies":[{"embeddable":true,"href":"https:\/\/www.ticmais.pt\/index.php?rest_route=%2Fwp%2Fv2%2Fcomments&post=6875"}],"version-history":[{"count":0,"href":"https:\/\/www.ticmais.pt\/index.php?rest_route=\/wp\/v2\/posts\/6875\/revisions"}],"wp:attachment":[{"href":"https:\/\/www.ticmais.pt\/index.php?rest_route=%2Fwp%2Fv2%2Fmedia&parent=6875"}],"wp:term":[{"taxonomy":"category","embeddable":true,"href":"https:\/\/www.ticmais.pt\/index.php?rest_route=%2Fwp%2Fv2%2Fcategories&post=6875"},{"taxonomy":"post_tag","embeddable":true,"href":"https:\/\/www.ticmais.pt\/index.php?rest_route=%2Fwp%2Fv2%2Ftags&post=6875"}],"curies":[{"name":"wp","href":"https:\/\/api.w.org\/{rel}","templated":true}]}}