{"id":6877,"date":"2022-10-03T17:13:15","date_gmt":"2022-10-03T16:13:15","guid":{"rendered":"https:\/\/www.ticmais.pt\/?p=6877"},"modified":"2022-10-03T17:13:57","modified_gmt":"2022-10-03T16:13:57","slug":"um-milhao-de-computadores-ja-chegaram-as-escolas-o-que-ainda-falta-mudar-para-termos-uma-escola-digital","status":"publish","type":"post","link":"https:\/\/www.ticmais.pt\/?p=6877","title":{"rendered":"Um milh\u00e3o de computadores j\u00e1 chegaram \u00e0s escolas. O que ainda falta mudar para termos uma Escola Digital?"},"content":{"rendered":"<p style=\"text-align: justify;\"><img decoding=\"async\" class=\"alignleft\" src=\"https:\/\/www.ticmais.pt\/ticmais\/imagens\/Um-milho-de-computadores-j-chegaram-s-escolas.-O-que-ainda-falta-mudar-para-termos-uma-Escola-Digital.jpg\" \/><\/p>\n<p style=\"text-align: justify;\">As escolas de todo o pa\u00eds come\u00e7aram o ano letivo equipadas como nunca para uma mudan\u00e7a inevit\u00e1vel. Ao longo do ano, o programa Escola Digital vai continuar a avan\u00e7ar e quem est\u00e1 no terreno define em detalhe as oportunidades e os riscos de uma transi\u00e7\u00e3o que exige trabalho em v\u00e1rias frentes. <a href=\"https:\/\/tek.sapo.pt\/noticias\/computadores\/artigos\/um-milhao-de-computadores-ja-chegaram-as-escolas-o-que-ainda-falta-mudar-para-termos-uma-escola-digital\">Mais&#8230;<\/a><\/p>\n","protected":false},"excerpt":{"rendered":"<p>As escolas de todo o pa\u00eds come\u00e7aram o ano letivo equipadas como nunca para uma mudan\u00e7a inevit\u00e1vel. Ao longo do ano, o programa Escola Digital vai continuar a avan\u00e7ar e quem est\u00e1 no terreno define em detalhe as oportunidades e os riscos de uma transi\u00e7\u00e3o que exige trabalho em v\u00e1rias frentes. Mais&#8230;<\/p>\n","protected":false},"author":1,"featured_media":0,"comment_status":"closed","ping_status":"closed","sticky":false,"template":"","format":"standard","meta":{"footnotes":""},"categories":[15],"tags":[20,3218,132],"class_list":["post-6877","post","type-post","status-publish","format-standard","hentry","category-tic-mais","tag-ensino","tag-escola-digital","tag-portugal"],"_links":{"self":[{"href":"https:\/\/www.ticmais.pt\/index.php?rest_route=\/wp\/v2\/posts\/6877","targetHints":{"allow":["GET"]}}],"collection":[{"href":"https:\/\/www.ticmais.pt\/index.php?rest_route=\/wp\/v2\/posts"}],"about":[{"href":"https:\/\/www.ticmais.pt\/index.php?rest_route=\/wp\/v2\/types\/post"}],"author":[{"embeddable":true,"href":"https:\/\/www.ticmais.pt\/index.php?rest_route=\/wp\/v2\/users\/1"}],"replies":[{"embeddable":true,"href":"https:\/\/www.ticmais.pt\/index.php?rest_route=%2Fwp%2Fv2%2Fcomments&post=6877"}],"version-history":[{"count":0,"href":"https:\/\/www.ticmais.pt\/index.php?rest_route=\/wp\/v2\/posts\/6877\/revisions"}],"wp:attachment":[{"href":"https:\/\/www.ticmais.pt\/index.php?rest_route=%2Fwp%2Fv2%2Fmedia&parent=6877"}],"wp:term":[{"taxonomy":"category","embeddable":true,"href":"https:\/\/www.ticmais.pt\/index.php?rest_route=%2Fwp%2Fv2%2Fcategories&post=6877"},{"taxonomy":"post_tag","embeddable":true,"href":"https:\/\/www.ticmais.pt\/index.php?rest_route=%2Fwp%2Fv2%2Ftags&post=6877"}],"curies":[{"name":"wp","href":"https:\/\/api.w.org\/{rel}","templated":true}]}}