{"id":6878,"date":"2022-10-04T17:35:33","date_gmt":"2022-10-04T16:35:33","guid":{"rendered":"https:\/\/www.ticmais.pt\/?p=6878"},"modified":"2022-10-04T17:36:55","modified_gmt":"2022-10-04T16:36:55","slug":"pombal-quer-combater-a-seca-atraves-de-rega-inteligente-5g","status":"publish","type":"post","link":"https:\/\/www.ticmais.pt\/?p=6878","title":{"rendered":"Pombal quer combater a seca atrav\u00e9s de rega inteligente 5G"},"content":{"rendered":"<p><img decoding=\"async\" class=\"alignleft\" src=\"https:\/\/www.ticmais.pt\/ticmais\/imagens\/Pombal-quer-combater-a-seca-atravs-de-rega-inteligente-5G.jpg\" \/><\/p>\n<p style=\"text-align: justify;\">A C\u00e2mara Municipal de Pombal e a NOS apresentaram um novo sistema de rega inteligente, alimentado por 5G, que vai permitir ao munic\u00edpio poupar at\u00e9 30% de \u00e1gua e energia, procurando dessa forma adaptar-se aos longos per\u00edodos de seca que a regi\u00e3o (e Portugal no geral) t\u00eam registado. O projeto foi introduzido em dois jardins p\u00fablicos da cidade: o Jardim do Cardal e o Jardim do Vale. <a href=\"https:\/\/tek.sapo.pt\/noticias\/telecomunicacoes\/artigos\/pombal-quer-combater-a-seca-atraves-de-rega-inteligente-5g\">Mais&#8230;<\/a><\/p>\n","protected":false},"excerpt":{"rendered":"<p>A C\u00e2mara Municipal de Pombal e a NOS apresentaram um novo sistema de rega inteligente, alimentado por 5G, que vai permitir ao munic\u00edpio poupar at\u00e9 30% de \u00e1gua e energia, procurando dessa forma adaptar-se aos longos per\u00edodos de seca que a regi\u00e3o (e Portugal no geral) t\u00eam registado. O projeto foi introduzido em dois jardins [&hellip;]<\/p>\n","protected":false},"author":1,"featured_media":0,"comment_status":"closed","ping_status":"closed","sticky":false,"template":"","format":"standard","meta":{"footnotes":""},"categories":[15],"tags":[2701,36,2823,2411,4489],"class_list":["post-6878","post","type-post","status-publish","format-standard","hentry","category-tic-mais","tag-5g","tag-camaras-municipais","tag-nos","tag-pombal","tag-rega-inteligente"],"_links":{"self":[{"href":"https:\/\/www.ticmais.pt\/index.php?rest_route=\/wp\/v2\/posts\/6878","targetHints":{"allow":["GET"]}}],"collection":[{"href":"https:\/\/www.ticmais.pt\/index.php?rest_route=\/wp\/v2\/posts"}],"about":[{"href":"https:\/\/www.ticmais.pt\/index.php?rest_route=\/wp\/v2\/types\/post"}],"author":[{"embeddable":true,"href":"https:\/\/www.ticmais.pt\/index.php?rest_route=\/wp\/v2\/users\/1"}],"replies":[{"embeddable":true,"href":"https:\/\/www.ticmais.pt\/index.php?rest_route=%2Fwp%2Fv2%2Fcomments&post=6878"}],"version-history":[{"count":0,"href":"https:\/\/www.ticmais.pt\/index.php?rest_route=\/wp\/v2\/posts\/6878\/revisions"}],"wp:attachment":[{"href":"https:\/\/www.ticmais.pt\/index.php?rest_route=%2Fwp%2Fv2%2Fmedia&parent=6878"}],"wp:term":[{"taxonomy":"category","embeddable":true,"href":"https:\/\/www.ticmais.pt\/index.php?rest_route=%2Fwp%2Fv2%2Fcategories&post=6878"},{"taxonomy":"post_tag","embeddable":true,"href":"https:\/\/www.ticmais.pt\/index.php?rest_route=%2Fwp%2Fv2%2Ftags&post=6878"}],"curies":[{"name":"wp","href":"https:\/\/api.w.org\/{rel}","templated":true}]}}