{"id":6881,"date":"2022-10-11T15:35:25","date_gmt":"2022-10-11T14:35:25","guid":{"rendered":"https:\/\/www.ticmais.pt\/?p=6881"},"modified":"2022-10-11T15:36:35","modified_gmt":"2022-10-11T14:36:35","slug":"falta-de-acao-dos-governos-durante-a-pandemia-para-combater-desigualdades-e-chocante-denuncia-relatorio","status":"publish","type":"post","link":"https:\/\/www.ticmais.pt\/?p=6881","title":{"rendered":"Falta de a\u00e7\u00e3o dos governos durante a pandemia para combater desigualdades \u00e9 &#8220;chocante&#8221;, denuncia relat\u00f3rio"},"content":{"rendered":"<p style=\"text-align: justify;\"><img decoding=\"async\" class=\"alignleft\" src=\"https:\/\/www.ticmais.pt\/ticmais\/imagens\/Falta-de-ao-dos-governos-durante-a-pandemia-para-combater-desigualdades-chocante-denuncia-relatrio.jpg\" \/><\/p>\n<p style=\"text-align: justify;\">Durante a crise da covid-19, 143 dos 161 pa\u00edses do mundo n\u00e3o aumentaram a tributa\u00e7\u00e3o das pessoas ricas e 11 na\u00e7\u00f5es at\u00e9 lhes cortaram impostos, aponta a organiza\u00e7\u00e3o n\u00e3o-governamental Oxfam, advertindo para &#8220;o perigoso aumento da desigualdade&#8221;. <a href=\"https:\/\/expresso.pt\/internacional\/2022-10-11-Falta-de-acao-dos-governos-durante-a-pandemia-para-combater-desigualdades-e-chocante-denuncia-relatorio-56784356\">Mais&#8230;<\/a><\/p>\n","protected":false},"excerpt":{"rendered":"<p>Durante a crise da covid-19, 143 dos 161 pa\u00edses do mundo n\u00e3o aumentaram a tributa\u00e7\u00e3o das pessoas ricas e 11 na\u00e7\u00f5es at\u00e9 lhes cortaram impostos, aponta a organiza\u00e7\u00e3o n\u00e3o-governamental Oxfam, advertindo para &#8220;o perigoso aumento da desigualdade&#8221;. Mais&#8230;<\/p>\n","protected":false},"author":1,"featured_media":0,"comment_status":"closed","ping_status":"closed","sticky":false,"template":"","format":"standard","meta":{"footnotes":""},"categories":[15],"tags":[3289,3848,1200,2641,2047,717],"class_list":["post-6881","post","type-post","status-publish","format-standard","hentry","category-tic-mais","tag-aumento","tag-covid-19","tag-desigualdades","tag-oxfam","tag-paises","tag-relatorio"],"_links":{"self":[{"href":"https:\/\/www.ticmais.pt\/index.php?rest_route=\/wp\/v2\/posts\/6881","targetHints":{"allow":["GET"]}}],"collection":[{"href":"https:\/\/www.ticmais.pt\/index.php?rest_route=\/wp\/v2\/posts"}],"about":[{"href":"https:\/\/www.ticmais.pt\/index.php?rest_route=\/wp\/v2\/types\/post"}],"author":[{"embeddable":true,"href":"https:\/\/www.ticmais.pt\/index.php?rest_route=\/wp\/v2\/users\/1"}],"replies":[{"embeddable":true,"href":"https:\/\/www.ticmais.pt\/index.php?rest_route=%2Fwp%2Fv2%2Fcomments&post=6881"}],"version-history":[{"count":0,"href":"https:\/\/www.ticmais.pt\/index.php?rest_route=\/wp\/v2\/posts\/6881\/revisions"}],"wp:attachment":[{"href":"https:\/\/www.ticmais.pt\/index.php?rest_route=%2Fwp%2Fv2%2Fmedia&parent=6881"}],"wp:term":[{"taxonomy":"category","embeddable":true,"href":"https:\/\/www.ticmais.pt\/index.php?rest_route=%2Fwp%2Fv2%2Fcategories&post=6881"},{"taxonomy":"post_tag","embeddable":true,"href":"https:\/\/www.ticmais.pt\/index.php?rest_route=%2Fwp%2Fv2%2Ftags&post=6881"}],"curies":[{"name":"wp","href":"https:\/\/api.w.org\/{rel}","templated":true}]}}