{"id":6890,"date":"2022-11-23T02:36:09","date_gmt":"2022-11-23T01:36:09","guid":{"rendered":"https:\/\/www.ticmais.pt\/?p=6890"},"modified":"2022-11-23T02:37:18","modified_gmt":"2022-11-23T01:37:18","slug":"anacom-diz-que-os-precos-das-telecomunicacoes-continuam-a-subir-outubro-cresceu-1-face-a-2021","status":"publish","type":"post","link":"https:\/\/www.ticmais.pt\/?p=6890","title":{"rendered":"Anacom diz que os pre\u00e7os das telecomunica\u00e7\u00f5es continuam a subir: outubro cresceu 1% face a 2021"},"content":{"rendered":"<p><img decoding=\"async\" class=\"alignleft\" src=\"https:\/\/www.ticmais.pt\/ticmais\/imagens\/Anacom-diz-que-os-preos-das-telecomunicaes-continuam-a-subir-outubro-cresceu-1-face-a-2021.jpg\" \/><\/p>\n<p style=\"text-align: justify;\">A Anacom mant\u00e9m a sua posi\u00e7\u00e3o sobre o aumento dos pre\u00e7os das telecomunica\u00e7\u00f5es para o per\u00edodo anual. Neste caso, afirma que em outubro os pre\u00e7os subiram 1% face ao per\u00edodo hom\u00f3logo do ano passado. <a href=\"https:\/\/tek.sapo.pt\/noticias\/telecomunicacoes\/artigos\/anacom-diz-que-os-precos-das-telecomunicacoes-continuam-a-subir-outubro-cresceu-1-face-a-2021\">Mais&#8230;<\/a><\/p>\n","protected":false},"excerpt":{"rendered":"<p>A Anacom mant\u00e9m a sua posi\u00e7\u00e3o sobre o aumento dos pre\u00e7os das telecomunica\u00e7\u00f5es para o per\u00edodo anual. Neste caso, afirma que em outubro os pre\u00e7os subiram 1% face ao per\u00edodo hom\u00f3logo do ano passado. Mais&#8230;<\/p>\n","protected":false},"author":1,"featured_media":0,"comment_status":"closed","ping_status":"closed","sticky":false,"template":"","format":"standard","meta":{"footnotes":""},"categories":[15],"tags":[413,1140,4388,265,35],"class_list":["post-6890","post","type-post","status-publish","format-standard","hentry","category-tic-mais","tag-anacom","tag-apritel","tag-aumentos","tag-precos","tag-telecomunicacoes"],"_links":{"self":[{"href":"https:\/\/www.ticmais.pt\/index.php?rest_route=\/wp\/v2\/posts\/6890","targetHints":{"allow":["GET"]}}],"collection":[{"href":"https:\/\/www.ticmais.pt\/index.php?rest_route=\/wp\/v2\/posts"}],"about":[{"href":"https:\/\/www.ticmais.pt\/index.php?rest_route=\/wp\/v2\/types\/post"}],"author":[{"embeddable":true,"href":"https:\/\/www.ticmais.pt\/index.php?rest_route=\/wp\/v2\/users\/1"}],"replies":[{"embeddable":true,"href":"https:\/\/www.ticmais.pt\/index.php?rest_route=%2Fwp%2Fv2%2Fcomments&post=6890"}],"version-history":[{"count":0,"href":"https:\/\/www.ticmais.pt\/index.php?rest_route=\/wp\/v2\/posts\/6890\/revisions"}],"wp:attachment":[{"href":"https:\/\/www.ticmais.pt\/index.php?rest_route=%2Fwp%2Fv2%2Fmedia&parent=6890"}],"wp:term":[{"taxonomy":"category","embeddable":true,"href":"https:\/\/www.ticmais.pt\/index.php?rest_route=%2Fwp%2Fv2%2Fcategories&post=6890"},{"taxonomy":"post_tag","embeddable":true,"href":"https:\/\/www.ticmais.pt\/index.php?rest_route=%2Fwp%2Fv2%2Ftags&post=6890"}],"curies":[{"name":"wp","href":"https:\/\/api.w.org\/{rel}","templated":true}]}}