{"id":6916,"date":"2023-01-30T20:00:16","date_gmt":"2023-01-30T19:00:16","guid":{"rendered":"https:\/\/www.ticmais.pt\/?p=6916"},"modified":"2023-01-30T20:00:16","modified_gmt":"2023-01-30T19:00:16","slug":"projeto-de-inteligencia-artificial-vai-ajudar-a-identificar-riscos-na-contratacao-publica","status":"publish","type":"post","link":"https:\/\/www.ticmais.pt\/?p=6916","title":{"rendered":"Projeto de intelig\u00eancia artificial vai ajudar a identificar riscos na contrata\u00e7\u00e3o p\u00fablica"},"content":{"rendered":"<p><img decoding=\"async\" class=\"alignleft\" src=\"https:\/\/www.ticmais.pt\/ticmais\/imagens\/Projeto-de-inteligncia-artificial-vai-ajudar-a-identificar-riscos-na-contratao-pblica.jpg\" \/><\/p>\n<p style=\"text-align: justify;\">O presidente do Tribunal de Contas, Jos\u00e9 Tavares, sublinhou hoje o impacto do projeto de utiliza\u00e7\u00e3o da Intelig\u00eancia Artificial na an\u00e1lise da informa\u00e7\u00e3o sobre contrata\u00e7\u00e3o p\u00fablica, destacando a melhoria da identifica\u00e7\u00e3o de riscos ou dete\u00e7\u00e3o de irregularidades. <a href=\"https:\/\/tek.sapo.pt\/noticias\/negocios\/artigos\/projeto-de-inteligencia-artificial-vai-ajudar-a-identificar-riscos-na-contratacao-publica\">Mais&#8230;<\/a><\/p>\n","protected":false},"excerpt":{"rendered":"<p>O presidente do Tribunal de Contas, Jos\u00e9 Tavares, sublinhou hoje o impacto do projeto de utiliza\u00e7\u00e3o da Intelig\u00eancia Artificial na an\u00e1lise da informa\u00e7\u00e3o sobre contrata\u00e7\u00e3o p\u00fablica, destacando a melhoria da identifica\u00e7\u00e3o de riscos ou dete\u00e7\u00e3o de irregularidades. Mais&#8230;<\/p>\n","protected":false},"author":1,"featured_media":0,"comment_status":"closed","ping_status":"closed","sticky":false,"template":"","format":"standard","meta":{"footnotes":""},"categories":[15],"tags":[4515,3517,1545],"class_list":["post-6916","post","type-post","status-publish","format-standard","hentry","category-tic-mais","tag-contratacao-publica","tag-inteligencia-artificial","tag-tribunal-de-contas"],"_links":{"self":[{"href":"https:\/\/www.ticmais.pt\/index.php?rest_route=\/wp\/v2\/posts\/6916","targetHints":{"allow":["GET"]}}],"collection":[{"href":"https:\/\/www.ticmais.pt\/index.php?rest_route=\/wp\/v2\/posts"}],"about":[{"href":"https:\/\/www.ticmais.pt\/index.php?rest_route=\/wp\/v2\/types\/post"}],"author":[{"embeddable":true,"href":"https:\/\/www.ticmais.pt\/index.php?rest_route=\/wp\/v2\/users\/1"}],"replies":[{"embeddable":true,"href":"https:\/\/www.ticmais.pt\/index.php?rest_route=%2Fwp%2Fv2%2Fcomments&post=6916"}],"version-history":[{"count":0,"href":"https:\/\/www.ticmais.pt\/index.php?rest_route=\/wp\/v2\/posts\/6916\/revisions"}],"wp:attachment":[{"href":"https:\/\/www.ticmais.pt\/index.php?rest_route=%2Fwp%2Fv2%2Fmedia&parent=6916"}],"wp:term":[{"taxonomy":"category","embeddable":true,"href":"https:\/\/www.ticmais.pt\/index.php?rest_route=%2Fwp%2Fv2%2Fcategories&post=6916"},{"taxonomy":"post_tag","embeddable":true,"href":"https:\/\/www.ticmais.pt\/index.php?rest_route=%2Fwp%2Fv2%2Ftags&post=6916"}],"curies":[{"name":"wp","href":"https:\/\/api.w.org\/{rel}","templated":true}]}}