{"id":6920,"date":"2023-02-02T20:06:53","date_gmt":"2023-02-02T19:06:53","guid":{"rendered":"https:\/\/www.ticmais.pt\/?p=6920"},"modified":"2023-02-02T20:06:53","modified_gmt":"2023-02-02T19:06:53","slug":"anacom-defende-comunicacoes-com-fidelizacao-maxima-de-6-meses","status":"publish","type":"post","link":"https:\/\/www.ticmais.pt\/?p=6920","title":{"rendered":"Anacom defende comunica\u00e7\u00f5es com fideliza\u00e7\u00e3o m\u00e1xima de 6 meses"},"content":{"rendered":"<p><img decoding=\"async\" class=\"alignleft\" src=\"https:\/\/www.ticmais.pt\/ticmais\/imagens\/Anacom-defende-comunicaes-com-fidelizao-mxima-de-6-meses.jpg\" \/><\/p>\n<p style=\"text-align: justify;\">O regulador das comunica\u00e7\u00f5es considerou hoje &#8220;injustificado&#8221; o aumento dos pre\u00e7os pelos tr\u00eas principais operadores e defendeu a redu\u00e7\u00e3o do prazo m\u00e1ximo das fideliza\u00e7\u00f5es de dois anos para seis meses, para fazer baixar os pre\u00e7os. <a href=\"https:\/\/24.sapo.pt\/atualidade\/artigos\/anacom-defende-comunicacoes-com-fidelizacao-maxima-de-6-meses\">Mais&#8230;<\/a><\/p>\n","protected":false},"excerpt":{"rendered":"<p>O regulador das comunica\u00e7\u00f5es considerou hoje &#8220;injustificado&#8221; o aumento dos pre\u00e7os pelos tr\u00eas principais operadores e defendeu a redu\u00e7\u00e3o do prazo m\u00e1ximo das fideliza\u00e7\u00f5es de dois anos para seis meses, para fazer baixar os pre\u00e7os. Mais&#8230;<\/p>\n","protected":false},"author":1,"featured_media":0,"comment_status":"closed","ping_status":"closed","sticky":false,"template":"","format":"standard","meta":{"footnotes":""},"categories":[15],"tags":[413,1105,897,405,35],"class_list":["post-6920","post","type-post","status-publish","format-standard","hentry","category-tic-mais","tag-anacom","tag-fidelizacao","tag-operadoras","tag-tarifarios","tag-telecomunicacoes"],"_links":{"self":[{"href":"https:\/\/www.ticmais.pt\/index.php?rest_route=\/wp\/v2\/posts\/6920","targetHints":{"allow":["GET"]}}],"collection":[{"href":"https:\/\/www.ticmais.pt\/index.php?rest_route=\/wp\/v2\/posts"}],"about":[{"href":"https:\/\/www.ticmais.pt\/index.php?rest_route=\/wp\/v2\/types\/post"}],"author":[{"embeddable":true,"href":"https:\/\/www.ticmais.pt\/index.php?rest_route=\/wp\/v2\/users\/1"}],"replies":[{"embeddable":true,"href":"https:\/\/www.ticmais.pt\/index.php?rest_route=%2Fwp%2Fv2%2Fcomments&post=6920"}],"version-history":[{"count":0,"href":"https:\/\/www.ticmais.pt\/index.php?rest_route=\/wp\/v2\/posts\/6920\/revisions"}],"wp:attachment":[{"href":"https:\/\/www.ticmais.pt\/index.php?rest_route=%2Fwp%2Fv2%2Fmedia&parent=6920"}],"wp:term":[{"taxonomy":"category","embeddable":true,"href":"https:\/\/www.ticmais.pt\/index.php?rest_route=%2Fwp%2Fv2%2Fcategories&post=6920"},{"taxonomy":"post_tag","embeddable":true,"href":"https:\/\/www.ticmais.pt\/index.php?rest_route=%2Fwp%2Fv2%2Ftags&post=6920"}],"curies":[{"name":"wp","href":"https:\/\/api.w.org\/{rel}","templated":true}]}}