{"id":6923,"date":"2023-02-13T01:07:59","date_gmt":"2023-02-13T00:07:59","guid":{"rendered":"https:\/\/www.ticmais.pt\/?p=6923"},"modified":"2023-02-13T01:07:59","modified_gmt":"2023-02-13T00:07:59","slug":"cabos-submarinos-no-meio-da-tensao-entre-china-e-eua-pequim-recua-no-sea-me-we-6","status":"publish","type":"post","link":"https:\/\/www.ticmais.pt\/?p=6923","title":{"rendered":"Cabos submarinos no meio da tens\u00e3o entre China e EUA: Pequim recua no Sea-Me-We 6"},"content":{"rendered":"<p><img decoding=\"async\" class=\"alignleft\" src=\"https:\/\/www.ticmais.pt\/ticmais\/imagens\/Cabos-submarinos-no-meio-da-tenso-entre-China-e-EUA-Pequim-recua-no-Sea-Me-We-6.jpg\" \/><\/p>\n<p style=\"text-align: justify;\">O mundo vive tempos complicados e as duas superpot\u00eancias mundiais est\u00e3o de costas voltadas e crescem as ten\u00e7\u00f5es pol\u00edticas entre China e EUA. Depois dos bal\u00f5es, agora s\u00e3o os cabos submarinos que poder\u00e3o estar no centro de mais uma contenda. A primeira baixa parece ser o ambicioso projeto Sea-Me-We 6. <a href=\"https:\/\/pplware.sapo.pt\/internet\/cabos-submarinos-no-meio-da-tensao-entre-china-e-eua-pequim-recua-no-sea-me-we-6\/\">Mais&#8230;<\/a><\/p>\n","protected":false},"excerpt":{"rendered":"<p>O mundo vive tempos complicados e as duas superpot\u00eancias mundiais est\u00e3o de costas voltadas e crescem as ten\u00e7\u00f5es pol\u00edticas entre China e EUA. Depois dos bal\u00f5es, agora s\u00e3o os cabos submarinos que poder\u00e3o estar no centro de mais uma contenda. A primeira baixa parece ser o ambicioso projeto Sea-Me-We 6. Mais&#8230;<\/p>\n","protected":false},"author":1,"featured_media":0,"comment_status":"closed","ping_status":"closed","sticky":false,"template":"","format":"standard","meta":{"footnotes":""},"categories":[15],"tags":[4520,574,995,4521],"class_list":["post-6923","post","type-post","status-publish","format-standard","hentry","category-tic-mais","tag-cabos-submarinos","tag-china","tag-eua","tag-sea-me-we-6"],"_links":{"self":[{"href":"https:\/\/www.ticmais.pt\/index.php?rest_route=\/wp\/v2\/posts\/6923","targetHints":{"allow":["GET"]}}],"collection":[{"href":"https:\/\/www.ticmais.pt\/index.php?rest_route=\/wp\/v2\/posts"}],"about":[{"href":"https:\/\/www.ticmais.pt\/index.php?rest_route=\/wp\/v2\/types\/post"}],"author":[{"embeddable":true,"href":"https:\/\/www.ticmais.pt\/index.php?rest_route=\/wp\/v2\/users\/1"}],"replies":[{"embeddable":true,"href":"https:\/\/www.ticmais.pt\/index.php?rest_route=%2Fwp%2Fv2%2Fcomments&post=6923"}],"version-history":[{"count":0,"href":"https:\/\/www.ticmais.pt\/index.php?rest_route=\/wp\/v2\/posts\/6923\/revisions"}],"wp:attachment":[{"href":"https:\/\/www.ticmais.pt\/index.php?rest_route=%2Fwp%2Fv2%2Fmedia&parent=6923"}],"wp:term":[{"taxonomy":"category","embeddable":true,"href":"https:\/\/www.ticmais.pt\/index.php?rest_route=%2Fwp%2Fv2%2Fcategories&post=6923"},{"taxonomy":"post_tag","embeddable":true,"href":"https:\/\/www.ticmais.pt\/index.php?rest_route=%2Fwp%2Fv2%2Ftags&post=6923"}],"curies":[{"name":"wp","href":"https:\/\/api.w.org\/{rel}","templated":true}]}}