{"id":6926,"date":"2023-02-16T00:11:09","date_gmt":"2023-02-15T23:11:09","guid":{"rendered":"https:\/\/www.ticmais.pt\/?p=6926"},"modified":"2023-02-16T00:11:09","modified_gmt":"2023-02-15T23:11:09","slug":"anacom-pede-rapidez-ao-governo-na-reducao-do-prazo-das-fidelizacoes","status":"publish","type":"post","link":"https:\/\/www.ticmais.pt\/?p=6926","title":{"rendered":"ANACOM pede rapidez ao Governo na redu\u00e7\u00e3o do prazo das fideliza\u00e7\u00f5es"},"content":{"rendered":"<p style=\"text-align: justify;\"><img decoding=\"async\" class=\"alignleft\" src=\"https:\/\/www.ticmais.pt\/ticmais\/imagens\/ANACOM-pede-rapidez-ao-Governo-na-reduo-do-prazo-das-fidelizaes.jpg\" \/><\/p>\n<p style=\"text-align: justify;\">O presidente da Autoridade Nacional de Comunica\u00e7\u00f5es (ANACOM) afirmou hoje que &#8220;neste momento&#8221; o regulador j\u00e1 n\u00e3o est\u00e1 a propor ao Governo que considere a redu\u00e7\u00e3o do prazo das fideliza\u00e7\u00f5es, mas antes que &#8220;fa\u00e7a e que fa\u00e7a r\u00e1pido&#8221;. <a href=\"https:\/\/tek.sapo.pt\/noticias\/telecomunicacoes\/artigos\/anacom-pede-rapidez-ao-governo-na-reducao-do-prazo-das-fidelizacoes\">Mais&#8230;<\/a><\/p>\n","protected":false},"excerpt":{"rendered":"<p>O presidente da Autoridade Nacional de Comunica\u00e7\u00f5es (ANACOM) afirmou hoje que &#8220;neste momento&#8221; o regulador j\u00e1 n\u00e3o est\u00e1 a propor ao Governo que considere a redu\u00e7\u00e3o do prazo das fideliza\u00e7\u00f5es, mas antes que &#8220;fa\u00e7a e que fa\u00e7a r\u00e1pido&#8221;. Mais&#8230;<\/p>\n","protected":false},"author":1,"featured_media":0,"comment_status":"closed","ping_status":"closed","sticky":false,"template":"","format":"standard","meta":{"footnotes":""},"categories":[15],"tags":[413,1104,897,265,3067,35],"class_list":["post-6926","post","type-post","status-publish","format-standard","hentry","category-tic-mais","tag-anacom","tag-contratos","tag-operadoras","tag-precos","tag-refidelizacao","tag-telecomunicacoes"],"_links":{"self":[{"href":"https:\/\/www.ticmais.pt\/index.php?rest_route=\/wp\/v2\/posts\/6926","targetHints":{"allow":["GET"]}}],"collection":[{"href":"https:\/\/www.ticmais.pt\/index.php?rest_route=\/wp\/v2\/posts"}],"about":[{"href":"https:\/\/www.ticmais.pt\/index.php?rest_route=\/wp\/v2\/types\/post"}],"author":[{"embeddable":true,"href":"https:\/\/www.ticmais.pt\/index.php?rest_route=\/wp\/v2\/users\/1"}],"replies":[{"embeddable":true,"href":"https:\/\/www.ticmais.pt\/index.php?rest_route=%2Fwp%2Fv2%2Fcomments&post=6926"}],"version-history":[{"count":0,"href":"https:\/\/www.ticmais.pt\/index.php?rest_route=\/wp\/v2\/posts\/6926\/revisions"}],"wp:attachment":[{"href":"https:\/\/www.ticmais.pt\/index.php?rest_route=%2Fwp%2Fv2%2Fmedia&parent=6926"}],"wp:term":[{"taxonomy":"category","embeddable":true,"href":"https:\/\/www.ticmais.pt\/index.php?rest_route=%2Fwp%2Fv2%2Fcategories&post=6926"},{"taxonomy":"post_tag","embeddable":true,"href":"https:\/\/www.ticmais.pt\/index.php?rest_route=%2Fwp%2Fv2%2Ftags&post=6926"}],"curies":[{"name":"wp","href":"https:\/\/api.w.org\/{rel}","templated":true}]}}