{"id":6933,"date":"2023-03-08T02:47:21","date_gmt":"2023-03-08T01:47:21","guid":{"rendered":"https:\/\/www.ticmais.pt\/?p=6933"},"modified":"2023-03-08T02:47:21","modified_gmt":"2023-03-08T01:47:21","slug":"governo-nao-ve-vantagens-e-efeitos-sugeridos-pela-anacom-para-reduzir-prazo-das-fidelizacoes","status":"publish","type":"post","link":"https:\/\/www.ticmais.pt\/?p=6933","title":{"rendered":"Governo &#8220;n\u00e3o v\u00ea vantagens&#8221; e efeitos sugeridos pela ANACOM para reduzir prazo das fideliza\u00e7\u00f5es"},"content":{"rendered":"<p><img decoding=\"async\" class=\"alignleft\" src=\"https:\/\/www.ticmais.pt\/ticmais\/imagens\/Governo-no-v-vantagens-e-efeitos-sugeridos-pela-ANACOM-para-reduzir-prazo-das-fidelizaes.jpg\" \/><\/p>\n<p style=\"text-align: justify;\">O ministro das Infraestruturas afirmou hoje que o Governo &#8220;n\u00e3o v\u00ea vantagens e n\u00e3o v\u00ea os efeitos sugeridos&#8221; pelo presidente da Anacom para que seja feita uma redu\u00e7\u00e3o do prazo das fideliza\u00e7\u00f5es nas comunica\u00e7\u00f5es eletr\u00f3nicas. <a href=\"https:\/\/tek.sapo.pt\/noticias\/telecomunicacoes\/artigos\/governo-nao-ve-vantagens-e-efeitos-sugeridos-pela-anacom-para-reduzir-prazo-das-fidelizacoes\">Mais&#8230;<\/a><br \/>\n<span style=\"color: #ffffff;\">.<\/span><br \/>\n<strong>Not\u00edcia relacionada:<\/strong><br \/>\n<a href=\"https:\/\/tek.sapo.pt\/noticias\/telecomunicacoes\/artigos\/anacom-defende-que-e-dramatica-a-situacao-em-portugal-de-abuso-de-refidelizacoes\">ANACOM defende que \u00e9 dram\u00e1tica a situa\u00e7\u00e3o em Portugal de abuso de refideliza\u00e7\u00f5es<\/a><\/p>\n","protected":false},"excerpt":{"rendered":"<p>O ministro das Infraestruturas afirmou hoje que o Governo &#8220;n\u00e3o v\u00ea vantagens e n\u00e3o v\u00ea os efeitos sugeridos&#8221; pelo presidente da Anacom para que seja feita uma redu\u00e7\u00e3o do prazo das fideliza\u00e7\u00f5es nas comunica\u00e7\u00f5es eletr\u00f3nicas. Mais&#8230; . Not\u00edcia relacionada: ANACOM defende que \u00e9 dram\u00e1tica a situa\u00e7\u00e3o em Portugal de abuso de refideliza\u00e7\u00f5es<\/p>\n","protected":false},"author":1,"featured_media":0,"comment_status":"closed","ping_status":"closed","sticky":false,"template":"","format":"standard","meta":{"footnotes":""},"categories":[15],"tags":[413,1105,121,897,4528,35],"class_list":["post-6933","post","type-post","status-publish","format-standard","hentry","category-tic-mais","tag-anacom","tag-fidelizacao","tag-governo","tag-operadoras","tag-prazo","tag-telecomunicacoes"],"_links":{"self":[{"href":"https:\/\/www.ticmais.pt\/index.php?rest_route=\/wp\/v2\/posts\/6933","targetHints":{"allow":["GET"]}}],"collection":[{"href":"https:\/\/www.ticmais.pt\/index.php?rest_route=\/wp\/v2\/posts"}],"about":[{"href":"https:\/\/www.ticmais.pt\/index.php?rest_route=\/wp\/v2\/types\/post"}],"author":[{"embeddable":true,"href":"https:\/\/www.ticmais.pt\/index.php?rest_route=\/wp\/v2\/users\/1"}],"replies":[{"embeddable":true,"href":"https:\/\/www.ticmais.pt\/index.php?rest_route=%2Fwp%2Fv2%2Fcomments&post=6933"}],"version-history":[{"count":0,"href":"https:\/\/www.ticmais.pt\/index.php?rest_route=\/wp\/v2\/posts\/6933\/revisions"}],"wp:attachment":[{"href":"https:\/\/www.ticmais.pt\/index.php?rest_route=%2Fwp%2Fv2%2Fmedia&parent=6933"}],"wp:term":[{"taxonomy":"category","embeddable":true,"href":"https:\/\/www.ticmais.pt\/index.php?rest_route=%2Fwp%2Fv2%2Fcategories&post=6933"},{"taxonomy":"post_tag","embeddable":true,"href":"https:\/\/www.ticmais.pt\/index.php?rest_route=%2Fwp%2Fv2%2Ftags&post=6933"}],"curies":[{"name":"wp","href":"https:\/\/api.w.org\/{rel}","templated":true}]}}