{"id":6935,"date":"2023-03-09T15:24:16","date_gmt":"2023-03-09T14:24:16","guid":{"rendered":"https:\/\/www.ticmais.pt\/?p=6935"},"modified":"2023-03-09T16:24:35","modified_gmt":"2023-03-09T15:24:35","slug":"portugal-aquem-na-adocao-de-fibra-otica-entre-os-seus-parceiros-na-ocde","status":"publish","type":"post","link":"https:\/\/www.ticmais.pt\/?p=6935","title":{"rendered":"Portugal aqu\u00e9m na ado\u00e7\u00e3o de fibra \u00f3tica entre os seus parceiros na OCDE"},"content":{"rendered":"<p><img decoding=\"async\" class=\"alignleft\" src=\"https:\/\/www.ticmais.pt\/ticmais\/imagens\/Portugal-aqum-na-adoo-de-fibra-tica-entre-os-seus-parceiros-na-OCDE.jpg\" \/><\/p>\n<p style=\"text-align: justify;\">Enquanto Espanha \u00e9 o terceiro pa\u00eds da Organiza\u00e7\u00e3o para a Coopera\u00e7\u00e3o e Desenvolvimento Econ\u00f3mico (OCDE) com a maior penetra\u00e7\u00e3o das tecnologias de banda larga de fibra \u00f3tica, com 81 % de tais liga\u00e7\u00f5es. Apenas o Jap\u00e3o (87 %) e a Coreia do Sul (84 %) ultrapassam o pa\u00eds vizinho, de acordo com o relat\u00f3rio anual da OCDE sobre a ado\u00e7\u00e3o de tecnologias de banda larga entre junho de 2021 e 2022, Portugal s\u00f3 aparece neste relat\u00f3rio na 10\u00aa posi\u00e7\u00e3o com 61,9% de liga\u00e7\u00f5es. <a href=\"https:\/\/www.computerworld.com.pt\/2023\/03\/08\/portugal-aquem-na-adocao-de-fibra-otica-entre-os-seus-parceiros-na-ocde\/\">Mais&#8230;<\/a><\/p>\n","protected":false},"excerpt":{"rendered":"<p>Enquanto Espanha \u00e9 o terceiro pa\u00eds da Organiza\u00e7\u00e3o para a Coopera\u00e7\u00e3o e Desenvolvimento Econ\u00f3mico (OCDE) com a maior penetra\u00e7\u00e3o das tecnologias de banda larga de fibra \u00f3tica, com 81 % de tais liga\u00e7\u00f5es. Apenas o Jap\u00e3o (87 %) e a Coreia do Sul (84 %) ultrapassam o pa\u00eds vizinho, de acordo com o relat\u00f3rio anual [&hellip;]<\/p>\n","protected":false},"author":1,"featured_media":0,"comment_status":"closed","ping_status":"closed","sticky":false,"template":"","format":"standard","meta":{"footnotes":""},"categories":[15],"tags":[3792,151,124,1234,409,4529,132,716],"class_list":["post-6935","post","type-post","status-publish","format-standard","hentry","category-tic-mais","tag-coreia-do-sul","tag-espanha","tag-fibra-optica","tag-japao","tag-ocde","tag-penetracao","tag-portugal","tag-ranking"],"_links":{"self":[{"href":"https:\/\/www.ticmais.pt\/index.php?rest_route=\/wp\/v2\/posts\/6935","targetHints":{"allow":["GET"]}}],"collection":[{"href":"https:\/\/www.ticmais.pt\/index.php?rest_route=\/wp\/v2\/posts"}],"about":[{"href":"https:\/\/www.ticmais.pt\/index.php?rest_route=\/wp\/v2\/types\/post"}],"author":[{"embeddable":true,"href":"https:\/\/www.ticmais.pt\/index.php?rest_route=\/wp\/v2\/users\/1"}],"replies":[{"embeddable":true,"href":"https:\/\/www.ticmais.pt\/index.php?rest_route=%2Fwp%2Fv2%2Fcomments&post=6935"}],"version-history":[{"count":0,"href":"https:\/\/www.ticmais.pt\/index.php?rest_route=\/wp\/v2\/posts\/6935\/revisions"}],"wp:attachment":[{"href":"https:\/\/www.ticmais.pt\/index.php?rest_route=%2Fwp%2Fv2%2Fmedia&parent=6935"}],"wp:term":[{"taxonomy":"category","embeddable":true,"href":"https:\/\/www.ticmais.pt\/index.php?rest_route=%2Fwp%2Fv2%2Fcategories&post=6935"},{"taxonomy":"post_tag","embeddable":true,"href":"https:\/\/www.ticmais.pt\/index.php?rest_route=%2Fwp%2Fv2%2Ftags&post=6935"}],"curies":[{"name":"wp","href":"https:\/\/api.w.org\/{rel}","templated":true}]}}