{"id":6938,"date":"2023-03-22T10:39:36","date_gmt":"2023-03-22T09:39:36","guid":{"rendered":"https:\/\/www.ticmais.pt\/?p=6938"},"modified":"2023-03-22T10:55:20","modified_gmt":"2023-03-22T09:55:20","slug":"fosso-entre-cidades-e-zonas-rurais-na-uniao-europeia-e-agravado-nas-competencias-digitais","status":"publish","type":"post","link":"https:\/\/www.ticmais.pt\/?p=6938","title":{"rendered":"\u201cFosso\u201d entre cidades e zonas rurais na Uni\u00e3o Europeia \u00e9 agravado nas compet\u00eancias digitais"},"content":{"rendered":"<p><img decoding=\"async\" class=\"alignleft\" src=\"https:\/\/www.ticmais.pt\/ticmais\/imagens\/Fosso-entre-cidades-e-zonas-rurais-na-Unio-Europeia-agravado-nas-competncias-digitais.jpg\" \/><\/p>\n<p style=\"text-align: justify;\">A tend\u00eancia \u00e9 comum em 26 dos 27 pa\u00edses da Uni\u00e3o Europeia, incluindo em Portugal, onde, em 2021, a maior percentagem de pessoas com compet\u00eancias digitais acima do b\u00e1sico se encontrava nas cidades. <a href=\"https:\/\/tek.sapo.pt\/noticias\/internet\/artigos\/fosso-entre-cidades-e-zonas-rurais-na-uniao-europeia-e-agravado-nas-competencias-digitais\">Mais&#8230;<\/a><br \/>\n<span style=\"color: #ffffff;\">.<\/span><br \/>\n<strong>Nota:<\/strong> <a href=\"https:\/\/www.ticmais.pt\/?tag=ticmais\">H\u00e1 15 anos que o Ticmais vem alertando para esta dura realidade!<\/a><\/p>\n","protected":false},"excerpt":{"rendered":"<p>A tend\u00eancia \u00e9 comum em 26 dos 27 pa\u00edses da Uni\u00e3o Europeia, incluindo em Portugal, onde, em 2021, a maior percentagem de pessoas com compet\u00eancias digitais acima do b\u00e1sico se encontrava nas cidades. Mais&#8230; . Nota: H\u00e1 15 anos que o Ticmais vem alertando para esta dura realidade!<\/p>\n","protected":false},"author":1,"featured_media":0,"comment_status":"closed","ping_status":"closed","sticky":false,"template":"","format":"standard","meta":{"footnotes":""},"categories":[15],"tags":[938,4360,570,99,1033],"class_list":["post-6938","post","type-post","status-publish","format-standard","hentry","category-tic-mais","tag-cidades","tag-competencias-digitais","tag-eurostat","tag-uniao-europeia","tag-zonas-rurais"],"_links":{"self":[{"href":"https:\/\/www.ticmais.pt\/index.php?rest_route=\/wp\/v2\/posts\/6938","targetHints":{"allow":["GET"]}}],"collection":[{"href":"https:\/\/www.ticmais.pt\/index.php?rest_route=\/wp\/v2\/posts"}],"about":[{"href":"https:\/\/www.ticmais.pt\/index.php?rest_route=\/wp\/v2\/types\/post"}],"author":[{"embeddable":true,"href":"https:\/\/www.ticmais.pt\/index.php?rest_route=\/wp\/v2\/users\/1"}],"replies":[{"embeddable":true,"href":"https:\/\/www.ticmais.pt\/index.php?rest_route=%2Fwp%2Fv2%2Fcomments&post=6938"}],"version-history":[{"count":0,"href":"https:\/\/www.ticmais.pt\/index.php?rest_route=\/wp\/v2\/posts\/6938\/revisions"}],"wp:attachment":[{"href":"https:\/\/www.ticmais.pt\/index.php?rest_route=%2Fwp%2Fv2%2Fmedia&parent=6938"}],"wp:term":[{"taxonomy":"category","embeddable":true,"href":"https:\/\/www.ticmais.pt\/index.php?rest_route=%2Fwp%2Fv2%2Fcategories&post=6938"},{"taxonomy":"post_tag","embeddable":true,"href":"https:\/\/www.ticmais.pt\/index.php?rest_route=%2Fwp%2Fv2%2Ftags&post=6938"}],"curies":[{"name":"wp","href":"https:\/\/api.w.org\/{rel}","templated":true}]}}