{"id":6939,"date":"2023-03-23T19:17:05","date_gmt":"2023-03-23T18:17:05","guid":{"rendered":"https:\/\/www.ticmais.pt\/?p=6939"},"modified":"2023-03-23T19:17:05","modified_gmt":"2023-03-23T18:17:05","slug":"portugal-registou-a-maior-subida-mensal-de-precos-de-telecomunicacoes-nos-ultimos-27-anos","status":"publish","type":"post","link":"https:\/\/www.ticmais.pt\/?p=6939","title":{"rendered":"Portugal registou a maior subida mensal de pre\u00e7os de telecomunica\u00e7\u00f5es nos \u00faltimos 27 anos"},"content":{"rendered":"<p><img decoding=\"async\" class=\"alignleft\" src=\"https:\/\/www.ticmais.pt\/ticmais\/imagens\/Portugal-registou-a-maior-subida-mensal-de-preos-de-telecomunicaes-nos-ltimos-27-anos.jpg\" \/><\/p>\n<p style=\"text-align: justify;\">A Anacom partilhou o relat\u00f3rio mensal sobre a evolu\u00e7\u00e3o dos pre\u00e7os das telecomunica\u00e7\u00f5es, baseado no \u00edndice de pre\u00e7os do consumidor (IPC). O regulador afirma que os pre\u00e7os aumentaram 4,8% em fevereiro face a janeiro. \u201cEste \u00e9 o maior aumento mensal verificado nos \u00faltimos 27 anos (desde janeiro de 1996)\u201d, afirma o regulador em comunicado. Em rela\u00e7\u00e3o ao mesmo per\u00edodo hom\u00f3logo de 2022, o aumento dos pre\u00e7os foi de 3,9%, sendo a maior varia\u00e7\u00e3o positiva desde dezembro de 2016. <a href=\"https:\/\/tek.sapo.pt\/noticias\/telecomunicacoes\/artigos\/portugal-apresenta-a-maior-subida-mensal-de-precos-de-telecomunicacoes-nos-ultimos-27-anos\">Mais&#8230;<\/a><\/p>\n","protected":false},"excerpt":{"rendered":"<p>A Anacom partilhou o relat\u00f3rio mensal sobre a evolu\u00e7\u00e3o dos pre\u00e7os das telecomunica\u00e7\u00f5es, baseado no \u00edndice de pre\u00e7os do consumidor (IPC). O regulador afirma que os pre\u00e7os aumentaram 4,8% em fevereiro face a janeiro. \u201cEste \u00e9 o maior aumento mensal verificado nos \u00faltimos 27 anos (desde janeiro de 1996)\u201d, afirma o regulador em comunicado. Em [&hellip;]<\/p>\n","protected":false},"author":1,"featured_media":0,"comment_status":"closed","ping_status":"closed","sticky":false,"template":"","format":"standard","meta":{"footnotes":""},"categories":[15],"tags":[413,897,132,3782,716,35],"class_list":["post-6939","post","type-post","status-publish","format-standard","hentry","category-tic-mais","tag-anacom","tag-operadoras","tag-portugal","tag-preco","tag-ranking","tag-telecomunicacoes"],"_links":{"self":[{"href":"https:\/\/www.ticmais.pt\/index.php?rest_route=\/wp\/v2\/posts\/6939","targetHints":{"allow":["GET"]}}],"collection":[{"href":"https:\/\/www.ticmais.pt\/index.php?rest_route=\/wp\/v2\/posts"}],"about":[{"href":"https:\/\/www.ticmais.pt\/index.php?rest_route=\/wp\/v2\/types\/post"}],"author":[{"embeddable":true,"href":"https:\/\/www.ticmais.pt\/index.php?rest_route=\/wp\/v2\/users\/1"}],"replies":[{"embeddable":true,"href":"https:\/\/www.ticmais.pt\/index.php?rest_route=%2Fwp%2Fv2%2Fcomments&post=6939"}],"version-history":[{"count":0,"href":"https:\/\/www.ticmais.pt\/index.php?rest_route=\/wp\/v2\/posts\/6939\/revisions"}],"wp:attachment":[{"href":"https:\/\/www.ticmais.pt\/index.php?rest_route=%2Fwp%2Fv2%2Fmedia&parent=6939"}],"wp:term":[{"taxonomy":"category","embeddable":true,"href":"https:\/\/www.ticmais.pt\/index.php?rest_route=%2Fwp%2Fv2%2Fcategories&post=6939"},{"taxonomy":"post_tag","embeddable":true,"href":"https:\/\/www.ticmais.pt\/index.php?rest_route=%2Fwp%2Fv2%2Ftags&post=6939"}],"curies":[{"name":"wp","href":"https:\/\/api.w.org\/{rel}","templated":true}]}}