{"id":6948,"date":"2023-04-04T22:25:29","date_gmt":"2023-04-04T21:25:29","guid":{"rendered":"https:\/\/www.ticmais.pt\/?p=6948"},"modified":"2023-04-04T22:25:29","modified_gmt":"2023-04-04T21:25:29","slug":"construcao-de-novos-edificios-com-emissoes-zero-ja-a-partir-de-2028","status":"publish","type":"post","link":"https:\/\/www.ticmais.pt\/?p=6948","title":{"rendered":"Constru\u00e7\u00e3o de novos edif\u00edcios com emiss\u00f5es zero j\u00e1 a partir de 2028"},"content":{"rendered":"<p><img decoding=\"async\" class=\"alignleft\" src=\"https:\/\/www.ticmais.pt\/ticmais\/imagens\/Construo-de-novos-edifcios-com-emisses-zero-j-a-partir-de-2028.jpg\" \/><\/p>\n<p style=\"text-align: justify;\">O Parlamento Europeu est\u00e1 atualmente a tomar medidas que visam a conquista da neutralidade carb\u00f3nica, que pretende que seja atingida no ano de 2050.<br \/>\nUma dessas medidas requer que os novos edif\u00edcios, que forem constru\u00eddos de raiz, sejam ausentes de qualquer tipo de emiss\u00f5es, dado que os mesmos s\u00e3o respons\u00e1veis por 36% dos gases com efeito de estufa que v\u00e3o parar \u00e0 atmosfera. <a href=\"https:\/\/www.portal-energia.com\/construcao-novos-edificios-emissoes-zero-partir-2028\/\">Mais&#8230;<\/a><\/p>\n","protected":false},"excerpt":{"rendered":"<p>O Parlamento Europeu est\u00e1 atualmente a tomar medidas que visam a conquista da neutralidade carb\u00f3nica, que pretende que seja atingida no ano de 2050. Uma dessas medidas requer que os novos edif\u00edcios, que forem constru\u00eddos de raiz, sejam ausentes de qualquer tipo de emiss\u00f5es, dado que os mesmos s\u00e3o respons\u00e1veis por 36% dos gases com [&hellip;]<\/p>\n","protected":false},"author":1,"featured_media":0,"comment_status":"closed","ping_status":"closed","sticky":false,"template":"","format":"standard","meta":{"footnotes":""},"categories":[15],"tags":[1049,4539,3495,1546,1886,248],"class_list":["post-6948","post","type-post","status-publish","format-standard","hentry","category-tic-mais","tag-construcao","tag-desempenho-energetico","tag-diretiva","tag-edificios","tag-novos","tag-parlamento-europeu"],"_links":{"self":[{"href":"https:\/\/www.ticmais.pt\/index.php?rest_route=\/wp\/v2\/posts\/6948","targetHints":{"allow":["GET"]}}],"collection":[{"href":"https:\/\/www.ticmais.pt\/index.php?rest_route=\/wp\/v2\/posts"}],"about":[{"href":"https:\/\/www.ticmais.pt\/index.php?rest_route=\/wp\/v2\/types\/post"}],"author":[{"embeddable":true,"href":"https:\/\/www.ticmais.pt\/index.php?rest_route=\/wp\/v2\/users\/1"}],"replies":[{"embeddable":true,"href":"https:\/\/www.ticmais.pt\/index.php?rest_route=%2Fwp%2Fv2%2Fcomments&post=6948"}],"version-history":[{"count":0,"href":"https:\/\/www.ticmais.pt\/index.php?rest_route=\/wp\/v2\/posts\/6948\/revisions"}],"wp:attachment":[{"href":"https:\/\/www.ticmais.pt\/index.php?rest_route=%2Fwp%2Fv2%2Fmedia&parent=6948"}],"wp:term":[{"taxonomy":"category","embeddable":true,"href":"https:\/\/www.ticmais.pt\/index.php?rest_route=%2Fwp%2Fv2%2Fcategories&post=6948"},{"taxonomy":"post_tag","embeddable":true,"href":"https:\/\/www.ticmais.pt\/index.php?rest_route=%2Fwp%2Fv2%2Ftags&post=6948"}],"curies":[{"name":"wp","href":"https:\/\/api.w.org\/{rel}","templated":true}]}}