{"id":6952,"date":"2023-04-17T23:14:00","date_gmt":"2023-04-17T22:14:00","guid":{"rendered":"https:\/\/www.ticmais.pt\/?p=6952"},"modified":"2023-04-19T01:30:23","modified_gmt":"2023-04-19T00:30:23","slug":"competencias-nacionais-em-destaque-na-maior-feira-de-tecnologia-industrial-do-mundo","status":"publish","type":"post","link":"https:\/\/www.ticmais.pt\/?p=6952","title":{"rendered":"Compet\u00eancias nacionais em destaque na maior feira de tecnologia industrial do mundo"},"content":{"rendered":"<p><img decoding=\"async\" class=\"alignleft\" src=\"https:\/\/www.ticmais.pt\/ticmais\/imagens\/Competncias-nacionais-em-destaque-na-maior-feira-de-tecnologia-industrial-do-mundo.jpg\" \/><\/p>\n<p style=\"text-align: justify;\">O \u201cpontap\u00e9 de sa\u00edda\u201d para a participa\u00e7\u00e3o portuguesa na edi\u00e7\u00e3o de 2023 da Hannover Messe, na Alemanha, aconteceu na manh\u00e3 do primeiro dia da feira, esta segunda-feira, 17 de abril, com a apresenta\u00e7\u00e3o das tecnologias e solu\u00e7\u00f5es portuguesas em exposi\u00e7\u00e3o no stand da AICEP. <a href=\"https:\/\/tek.sapo.pt\/noticias\/negocios\/artigos\/competencias-nacionais-em-destaque-na-maior-feira-de-tecnologia-industrial-do-mundo\">Mais&#8230;<\/a><\/p>\n","protected":false},"excerpt":{"rendered":"<p>O \u201cpontap\u00e9 de sa\u00edda\u201d para a participa\u00e7\u00e3o portuguesa na edi\u00e7\u00e3o de 2023 da Hannover Messe, na Alemanha, aconteceu na manh\u00e3 do primeiro dia da feira, esta segunda-feira, 17 de abril, com a apresenta\u00e7\u00e3o das tecnologias e solu\u00e7\u00f5es portuguesas em exposi\u00e7\u00e3o no stand da AICEP. Mais&#8230;<\/p>\n","protected":false},"author":1,"featured_media":0,"comment_status":"closed","ping_status":"closed","sticky":false,"template":"","format":"standard","meta":{"footnotes":""},"categories":[15],"tags":[4542,492,70,4541,132,28],"class_list":["post-6952","post","type-post","status-publish","format-standard","hentry","category-tic-mais","tag-aicep","tag-alemanha","tag-feira","tag-hannover-messe","tag-portugal","tag-tecnologia"],"_links":{"self":[{"href":"https:\/\/www.ticmais.pt\/index.php?rest_route=\/wp\/v2\/posts\/6952","targetHints":{"allow":["GET"]}}],"collection":[{"href":"https:\/\/www.ticmais.pt\/index.php?rest_route=\/wp\/v2\/posts"}],"about":[{"href":"https:\/\/www.ticmais.pt\/index.php?rest_route=\/wp\/v2\/types\/post"}],"author":[{"embeddable":true,"href":"https:\/\/www.ticmais.pt\/index.php?rest_route=\/wp\/v2\/users\/1"}],"replies":[{"embeddable":true,"href":"https:\/\/www.ticmais.pt\/index.php?rest_route=%2Fwp%2Fv2%2Fcomments&post=6952"}],"version-history":[{"count":0,"href":"https:\/\/www.ticmais.pt\/index.php?rest_route=\/wp\/v2\/posts\/6952\/revisions"}],"wp:attachment":[{"href":"https:\/\/www.ticmais.pt\/index.php?rest_route=%2Fwp%2Fv2%2Fmedia&parent=6952"}],"wp:term":[{"taxonomy":"category","embeddable":true,"href":"https:\/\/www.ticmais.pt\/index.php?rest_route=%2Fwp%2Fv2%2Fcategories&post=6952"},{"taxonomy":"post_tag","embeddable":true,"href":"https:\/\/www.ticmais.pt\/index.php?rest_route=%2Fwp%2Fv2%2Ftags&post=6952"}],"curies":[{"name":"wp","href":"https:\/\/api.w.org\/{rel}","templated":true}]}}