{"id":6955,"date":"2023-04-27T02:23:39","date_gmt":"2023-04-27T01:23:39","guid":{"rendered":"https:\/\/www.ticmais.pt\/?p=6955"},"modified":"2023-04-27T02:24:49","modified_gmt":"2023-04-27T01:24:49","slug":"vendas-de-automoveis-eletricos-aumentaram-55-em-2022-europa-foi-o-segundo-maior-mercado-mundial","status":"publish","type":"post","link":"https:\/\/www.ticmais.pt\/?p=6955","title":{"rendered":"Vendas de autom\u00f3veis el\u00e9tricos aumentaram 55% em 2022. Europa foi o segundo maior mercado mundial"},"content":{"rendered":"<p><img decoding=\"async\" class=\"alignleft\" src=\"https:\/\/www.ticmais.pt\/ticmais\/imagens\/Vendas-de-automveis-eltricos-aumentaram-55-em-2022.-Europa-foi-o-segundo-maior-mercado-mundial.jpg\" \/><\/p>\n<p style=\"text-align: justify;\">O relat\u00f3rio da Ag\u00eancia Internacional de Energia indica que a frota de ve\u00edculos el\u00e9tricos, a n\u00edvel global em 2022, era de 26 milh\u00f5es de unidades, sendo cinco vezes mais que em 2018, A China \u00e9 o pa\u00eds com mais unidades, com mais de metade do total. <a href=\"https:\/\/tek.sapo.pt\/noticias\/computadores\/artigos\/vendas-de-automoveis-eletricos-aumentaram-55-em-2022-europa-foi-o-segundo-maior-mercado-mundial\">Mais&#8230;<\/a><\/p>\n","protected":false},"excerpt":{"rendered":"<p>O relat\u00f3rio da Ag\u00eancia Internacional de Energia indica que a frota de ve\u00edculos el\u00e9tricos, a n\u00edvel global em 2022, era de 26 milh\u00f5es de unidades, sendo cinco vezes mais que em 2018, A China \u00e9 o pa\u00eds com mais unidades, com mais de metade do total. Mais&#8230;<\/p>\n","protected":false},"author":1,"featured_media":0,"comment_status":"closed","ping_status":"closed","sticky":false,"template":"","format":"standard","meta":{"footnotes":""},"categories":[15],"tags":[4545,59,1603],"class_list":["post-6955","post","type-post","status-publish","format-standard","hentry","category-tic-mais","tag-aie","tag-veiculos-electricos","tag-vendas"],"_links":{"self":[{"href":"https:\/\/www.ticmais.pt\/index.php?rest_route=\/wp\/v2\/posts\/6955","targetHints":{"allow":["GET"]}}],"collection":[{"href":"https:\/\/www.ticmais.pt\/index.php?rest_route=\/wp\/v2\/posts"}],"about":[{"href":"https:\/\/www.ticmais.pt\/index.php?rest_route=\/wp\/v2\/types\/post"}],"author":[{"embeddable":true,"href":"https:\/\/www.ticmais.pt\/index.php?rest_route=\/wp\/v2\/users\/1"}],"replies":[{"embeddable":true,"href":"https:\/\/www.ticmais.pt\/index.php?rest_route=%2Fwp%2Fv2%2Fcomments&post=6955"}],"version-history":[{"count":0,"href":"https:\/\/www.ticmais.pt\/index.php?rest_route=\/wp\/v2\/posts\/6955\/revisions"}],"wp:attachment":[{"href":"https:\/\/www.ticmais.pt\/index.php?rest_route=%2Fwp%2Fv2%2Fmedia&parent=6955"}],"wp:term":[{"taxonomy":"category","embeddable":true,"href":"https:\/\/www.ticmais.pt\/index.php?rest_route=%2Fwp%2Fv2%2Fcategories&post=6955"},{"taxonomy":"post_tag","embeddable":true,"href":"https:\/\/www.ticmais.pt\/index.php?rest_route=%2Fwp%2Fv2%2Ftags&post=6955"}],"curies":[{"name":"wp","href":"https:\/\/api.w.org\/{rel}","templated":true}]}}