{"id":6961,"date":"2023-05-10T01:57:10","date_gmt":"2023-05-10T00:57:10","guid":{"rendered":"https:\/\/www.ticmais.pt\/?p=6961"},"modified":"2023-05-10T01:58:01","modified_gmt":"2023-05-10T00:58:01","slug":"presidente-da-anacom-confiante-que-o-governo-baixe-fidelizacoes-para-seis-meses-em-2023","status":"publish","type":"post","link":"https:\/\/www.ticmais.pt\/?p=6961","title":{"rendered":"Presidente da Anacom confiante que o Governo baixe fideliza\u00e7\u00f5es para seis meses em 2023"},"content":{"rendered":"<p><img decoding=\"async\" class=\"alignleft\" src=\"https:\/\/www.ticmais.pt\/ticmais\/imagens\/Presidente-da-Anacom-confiante-que-o-Governo-baixe-fidelizaes-para-seis-meses-em-2023.jpg\" \/><\/p>\n<p style=\"text-align: justify;\">Jo\u00e3o Cadete de Matos, o presidente da Anacom, salientou que com a entrada de novas empresas no mercado, o Governo possa reavaliar o per\u00edodo de fideliza\u00e7\u00e3o das telecomunica\u00e7\u00f5es dos dois anos em vigor para seis meses. <a href=\"https:\/\/tek.sapo.pt\/noticias\/telecomunicacoes\/artigos\/presidente-da-anacom-confiante-que-o-governo-baixe-fidelizacoes-para-seis-meses-em-2023\">Mais&#8230;<\/a><\/p>\n","protected":false},"excerpt":{"rendered":"<p>Jo\u00e3o Cadete de Matos, o presidente da Anacom, salientou que com a entrada de novas empresas no mercado, o Governo possa reavaliar o per\u00edodo de fideliza\u00e7\u00e3o das telecomunica\u00e7\u00f5es dos dois anos em vigor para seis meses. Mais&#8230;<\/p>\n","protected":false},"author":1,"featured_media":0,"comment_status":"closed","ping_status":"closed","sticky":false,"template":"","format":"standard","meta":{"footnotes":""},"categories":[15],"tags":[413,1105,897,35],"class_list":["post-6961","post","type-post","status-publish","format-standard","hentry","category-tic-mais","tag-anacom","tag-fidelizacao","tag-operadoras","tag-telecomunicacoes"],"_links":{"self":[{"href":"https:\/\/www.ticmais.pt\/index.php?rest_route=\/wp\/v2\/posts\/6961","targetHints":{"allow":["GET"]}}],"collection":[{"href":"https:\/\/www.ticmais.pt\/index.php?rest_route=\/wp\/v2\/posts"}],"about":[{"href":"https:\/\/www.ticmais.pt\/index.php?rest_route=\/wp\/v2\/types\/post"}],"author":[{"embeddable":true,"href":"https:\/\/www.ticmais.pt\/index.php?rest_route=\/wp\/v2\/users\/1"}],"replies":[{"embeddable":true,"href":"https:\/\/www.ticmais.pt\/index.php?rest_route=%2Fwp%2Fv2%2Fcomments&post=6961"}],"version-history":[{"count":0,"href":"https:\/\/www.ticmais.pt\/index.php?rest_route=\/wp\/v2\/posts\/6961\/revisions"}],"wp:attachment":[{"href":"https:\/\/www.ticmais.pt\/index.php?rest_route=%2Fwp%2Fv2%2Fmedia&parent=6961"}],"wp:term":[{"taxonomy":"category","embeddable":true,"href":"https:\/\/www.ticmais.pt\/index.php?rest_route=%2Fwp%2Fv2%2Fcategories&post=6961"},{"taxonomy":"post_tag","embeddable":true,"href":"https:\/\/www.ticmais.pt\/index.php?rest_route=%2Fwp%2Fv2%2Ftags&post=6961"}],"curies":[{"name":"wp","href":"https:\/\/api.w.org\/{rel}","templated":true}]}}