{"id":6963,"date":"2023-05-17T02:19:33","date_gmt":"2023-05-17T01:19:33","guid":{"rendered":"https:\/\/www.ticmais.pt\/?p=6963"},"modified":"2023-05-17T02:20:21","modified_gmt":"2023-05-17T01:20:21","slug":"primeiras-ofertas-de-comunicacoes-da-operadora-digi-podem-chegar-a-portugal-em-2024","status":"publish","type":"post","link":"https:\/\/www.ticmais.pt\/?p=6963","title":{"rendered":"Primeiras ofertas de comunica\u00e7\u00f5es da operadora Digi podem chegar a Portugal em 2024"},"content":{"rendered":"<p style=\"text-align: justify;\"><img decoding=\"async\" class=\"alignleft\" src=\"https:\/\/www.ticmais.pt\/ticmais\/imagens\/Primeiras-ofertas-de-comunicaes-da-operadora-Digi-podem-chegar-a-Portugal-em-2024.jpg\" \/><\/p>\n<p style=\"text-align: justify;\">A Digi foi uma das novas operadoras de telecomunica\u00e7\u00f5es que participou no leil\u00e3o 5G em Portugal e recentemente houve relatos de instala\u00e7\u00e3o de fibra e interven\u00e7\u00f5es em antenas em diversos pontos do pa\u00eds pela empresa, indiciando que as suas opera\u00e7\u00f5es poderiam estar para breve. Mas a oferta de servi\u00e7os apenas dever\u00e1 come\u00e7ar em 2024, segundo apurou o ECO. O CEO da empresa, Serghei Bulgac confirmou que o desenvolvimento no pa\u00eds estava a acelerar. <a href=\"https:\/\/tek.sapo.pt\/noticias\/telecomunicacoes\/artigos\/primeiras-ofertas-de-comunicacoes-da-operadora-digi-podem-chegar-a-portugal-em-2024\">Mais&#8230;<\/a><\/p>\n","protected":false},"excerpt":{"rendered":"<p>A Digi foi uma das novas operadoras de telecomunica\u00e7\u00f5es que participou no leil\u00e3o 5G em Portugal e recentemente houve relatos de instala\u00e7\u00e3o de fibra e interven\u00e7\u00f5es em antenas em diversos pontos do pa\u00eds pela empresa, indiciando que as suas opera\u00e7\u00f5es poderiam estar para breve. Mas a oferta de servi\u00e7os apenas dever\u00e1 come\u00e7ar em 2024, segundo [&hellip;]<\/p>\n","protected":false},"author":1,"featured_media":0,"comment_status":"closed","ping_status":"closed","sticky":false,"template":"","format":"standard","meta":{"footnotes":""},"categories":[15],"tags":[4552,897,132,35],"class_list":["post-6963","post","type-post","status-publish","format-standard","hentry","category-tic-mais","tag-digi","tag-operadoras","tag-portugal","tag-telecomunicacoes"],"_links":{"self":[{"href":"https:\/\/www.ticmais.pt\/index.php?rest_route=\/wp\/v2\/posts\/6963","targetHints":{"allow":["GET"]}}],"collection":[{"href":"https:\/\/www.ticmais.pt\/index.php?rest_route=\/wp\/v2\/posts"}],"about":[{"href":"https:\/\/www.ticmais.pt\/index.php?rest_route=\/wp\/v2\/types\/post"}],"author":[{"embeddable":true,"href":"https:\/\/www.ticmais.pt\/index.php?rest_route=\/wp\/v2\/users\/1"}],"replies":[{"embeddable":true,"href":"https:\/\/www.ticmais.pt\/index.php?rest_route=%2Fwp%2Fv2%2Fcomments&post=6963"}],"version-history":[{"count":0,"href":"https:\/\/www.ticmais.pt\/index.php?rest_route=\/wp\/v2\/posts\/6963\/revisions"}],"wp:attachment":[{"href":"https:\/\/www.ticmais.pt\/index.php?rest_route=%2Fwp%2Fv2%2Fmedia&parent=6963"}],"wp:term":[{"taxonomy":"category","embeddable":true,"href":"https:\/\/www.ticmais.pt\/index.php?rest_route=%2Fwp%2Fv2%2Fcategories&post=6963"},{"taxonomy":"post_tag","embeddable":true,"href":"https:\/\/www.ticmais.pt\/index.php?rest_route=%2Fwp%2Fv2%2Ftags&post=6963"}],"curies":[{"name":"wp","href":"https:\/\/api.w.org\/{rel}","templated":true}]}}