{"id":6988,"date":"2023-08-02T00:46:00","date_gmt":"2023-08-01T23:46:00","guid":{"rendered":"https:\/\/www.ticmais.pt\/?p=6988"},"modified":"2023-08-02T00:46:00","modified_gmt":"2023-08-01T23:46:00","slug":"byd-planeia-trazer-para-a-europa-um-eletrico-que-custa-pouco-mais-de-10-000-euros-na-china","status":"publish","type":"post","link":"https:\/\/www.ticmais.pt\/?p=6988","title":{"rendered":"BYD planeia trazer para a Europa um el\u00e9trico que custa pouco mais de 10.000 euros na China"},"content":{"rendered":"<p style=\"text-align: justify;\"><img decoding=\"async\" class=\"alignleft\" src=\"https:\/\/www.ticmais.pt\/ticmais\/imagens\/BYD-planeia-trazer-para-a-Europa-um-eltrico-que-custa-pouco-mais-de-10.000-euros-na-China.jpg\" \/><\/p>\n<p style=\"text-align: justify;\">O pre\u00e7o dos el\u00e9tricos ainda \u00e9 um entrave \u00e0 sua ado\u00e7\u00e3o em massa e, por isso, a estrat\u00e9gia de algumas fabricantes passa, exatamente, por reduzi-lo e aproxim\u00e1-lo daquilo que os consumidores podem pagar. E se, \u00e0 Europa, chegasse um carro el\u00e9trico por pouco mais de 10.000 euros? Pode vir pela m\u00e3o da BYD. <a href=\"https:\/\/pplware.sapo.pt\/motores\/byd-planeia-trazer-para-a-europa-um-eletrico-que-custa-pouco-mais-de-10-000-euros-na-china\/\">Mais&#8230;<\/a><\/p>\n","protected":false},"excerpt":{"rendered":"<p>O pre\u00e7o dos el\u00e9tricos ainda \u00e9 um entrave \u00e0 sua ado\u00e7\u00e3o em massa e, por isso, a estrat\u00e9gia de algumas fabricantes passa, exatamente, por reduzi-lo e aproxim\u00e1-lo daquilo que os consumidores podem pagar. E se, \u00e0 Europa, chegasse um carro el\u00e9trico por pouco mais de 10.000 euros? Pode vir pela m\u00e3o da BYD. Mais&#8230;<\/p>\n","protected":false},"author":1,"featured_media":0,"comment_status":"closed","ping_status":"closed","sticky":false,"template":"","format":"standard","meta":{"footnotes":""},"categories":[15],"tags":[3938,59],"class_list":["post-6988","post","type-post","status-publish","format-standard","hentry","category-tic-mais","tag-chinesa-byd","tag-veiculos-electricos"],"_links":{"self":[{"href":"https:\/\/www.ticmais.pt\/index.php?rest_route=\/wp\/v2\/posts\/6988","targetHints":{"allow":["GET"]}}],"collection":[{"href":"https:\/\/www.ticmais.pt\/index.php?rest_route=\/wp\/v2\/posts"}],"about":[{"href":"https:\/\/www.ticmais.pt\/index.php?rest_route=\/wp\/v2\/types\/post"}],"author":[{"embeddable":true,"href":"https:\/\/www.ticmais.pt\/index.php?rest_route=\/wp\/v2\/users\/1"}],"replies":[{"embeddable":true,"href":"https:\/\/www.ticmais.pt\/index.php?rest_route=%2Fwp%2Fv2%2Fcomments&post=6988"}],"version-history":[{"count":0,"href":"https:\/\/www.ticmais.pt\/index.php?rest_route=\/wp\/v2\/posts\/6988\/revisions"}],"wp:attachment":[{"href":"https:\/\/www.ticmais.pt\/index.php?rest_route=%2Fwp%2Fv2%2Fmedia&parent=6988"}],"wp:term":[{"taxonomy":"category","embeddable":true,"href":"https:\/\/www.ticmais.pt\/index.php?rest_route=%2Fwp%2Fv2%2Fcategories&post=6988"},{"taxonomy":"post_tag","embeddable":true,"href":"https:\/\/www.ticmais.pt\/index.php?rest_route=%2Fwp%2Fv2%2Ftags&post=6988"}],"curies":[{"name":"wp","href":"https:\/\/api.w.org\/{rel}","templated":true}]}}