{"id":7016,"date":"2023-11-07T02:42:50","date_gmt":"2023-11-07T01:42:50","guid":{"rendered":"https:\/\/www.ticmais.pt\/?p=7016"},"modified":"2023-11-07T02:44:50","modified_gmt":"2023-11-07T01:44:50","slug":"metadados-presidente-da-republica-envia-decreto-do-parlamento-para-o-tribunal-constitucional","status":"publish","type":"post","link":"https:\/\/www.ticmais.pt\/?p=7016","title":{"rendered":"Metadados: Presidente da Rep\u00fablica envia decreto do parlamento para o Tribunal Constitucional"},"content":{"rendered":"<p style=\"text-align: justify;\"><img decoding=\"async\" class=\"alignleft\" src=\"https:\/\/www.ticmais.pt\/ticmais\/imagens\/Metadados-Presidente-da-Repblica-envia-decreto-do-parlamento-para-o-Tribunal-Constitucional.jpg\" \/><\/p>\n<p style=\"text-align: justify;\">Marcelo Rebelo de Sousa enviou hoje para o Tribunal Constitucional o decreto do parlamento que regula o acesso a metadados de comunica\u00e7\u00f5es eletr\u00f3nicas para fins de investiga\u00e7\u00e3o criminal, como tinha prometido fazer. <a href=\"https:\/\/tek.sapo.pt\/noticias\/computadores\/artigos\/metadados-presidente-da-republica-envia-decreto-do-parlamento-para-o-tribunal-constitucional\">Mais&#8230;<\/a><\/p>\n","protected":false},"excerpt":{"rendered":"<p>Marcelo Rebelo de Sousa enviou hoje para o Tribunal Constitucional o decreto do parlamento que regula o acesso a metadados de comunica\u00e7\u00f5es eletr\u00f3nicas para fins de investiga\u00e7\u00e3o criminal, como tinha prometido fazer. Mais&#8230;<\/p>\n","protected":false},"author":1,"featured_media":0,"comment_status":"closed","ping_status":"closed","sticky":false,"template":"","format":"standard","meta":{"footnotes":""},"categories":[15],"tags":[4438,213,4586,4587,4439],"class_list":["post-7016","post","type-post","status-publish","format-standard","hentry","category-tic-mais","tag-fiscalizacao","tag-legislacao","tag-metadados","tag-presidente-da-republica","tag-tribunal-constitucional"],"_links":{"self":[{"href":"https:\/\/www.ticmais.pt\/index.php?rest_route=\/wp\/v2\/posts\/7016","targetHints":{"allow":["GET"]}}],"collection":[{"href":"https:\/\/www.ticmais.pt\/index.php?rest_route=\/wp\/v2\/posts"}],"about":[{"href":"https:\/\/www.ticmais.pt\/index.php?rest_route=\/wp\/v2\/types\/post"}],"author":[{"embeddable":true,"href":"https:\/\/www.ticmais.pt\/index.php?rest_route=\/wp\/v2\/users\/1"}],"replies":[{"embeddable":true,"href":"https:\/\/www.ticmais.pt\/index.php?rest_route=%2Fwp%2Fv2%2Fcomments&post=7016"}],"version-history":[{"count":0,"href":"https:\/\/www.ticmais.pt\/index.php?rest_route=\/wp\/v2\/posts\/7016\/revisions"}],"wp:attachment":[{"href":"https:\/\/www.ticmais.pt\/index.php?rest_route=%2Fwp%2Fv2%2Fmedia&parent=7016"}],"wp:term":[{"taxonomy":"category","embeddable":true,"href":"https:\/\/www.ticmais.pt\/index.php?rest_route=%2Fwp%2Fv2%2Fcategories&post=7016"},{"taxonomy":"post_tag","embeddable":true,"href":"https:\/\/www.ticmais.pt\/index.php?rest_route=%2Fwp%2Fv2%2Ftags&post=7016"}],"curies":[{"name":"wp","href":"https:\/\/api.w.org\/{rel}","templated":true}]}}