{"id":7021,"date":"2023-11-24T01:54:50","date_gmt":"2023-11-24T00:54:50","guid":{"rendered":"https:\/\/www.ticmais.pt\/?p=7021"},"modified":"2023-11-24T01:57:31","modified_gmt":"2023-11-24T00:57:31","slug":"nova-proposta-do-direito-a-reparacao-pronta-a-negociar-entre-o-parlamento-e-conselho-da-uniao-europeia","status":"publish","type":"post","link":"https:\/\/www.ticmais.pt\/?p=7021","title":{"rendered":"Nova proposta do direito \u00e0 repara\u00e7\u00e3o pronta a negociar entre o Parlamento e Conselho da Uni\u00e3o Europeia"},"content":{"rendered":"<p><img decoding=\"async\" class=\"alignleft\" src=\"https:\/\/www.ticmais.pt\/ticmais\/imagens\/Nova-proposta-do-direito-reparao-pronta-a-negociar-entre-o-Parlamento-e-Conselho-da-Unio-Europeia.jpg\" \/><\/p>\n<p style=\"text-align: justify;\">Depois da vota\u00e7\u00e3o no Parlamento Europeu, o Conselho da Uni\u00e3o Europeia formalizou a sua posi\u00e7\u00e3o sobre a proposta do direito \u00e0 repara\u00e7\u00e3o. A negocia\u00e7\u00e3o entre ambas as partes dever\u00e1 ocorrer em breve, com uma primeira reuni\u00e3o prevista para 7 de dezembro. <a href=\"https:\/\/tek.sapo.pt\/noticias\/computadores\/artigos\/nova-proposta-do-direito-a-reparacao-pronta-a-negociar-entre-o-parlamento-e-conselho-da-uniao-europeia\">Mais&#8230;<\/a><\/p>\n","protected":false},"excerpt":{"rendered":"<p>Depois da vota\u00e7\u00e3o no Parlamento Europeu, o Conselho da Uni\u00e3o Europeia formalizou a sua posi\u00e7\u00e3o sobre a proposta do direito \u00e0 repara\u00e7\u00e3o. A negocia\u00e7\u00e3o entre ambas as partes dever\u00e1 ocorrer em breve, com uma primeira reuni\u00e3o prevista para 7 de dezembro. Mais&#8230;<\/p>\n","protected":false},"author":1,"featured_media":0,"comment_status":"closed","ping_status":"closed","sticky":false,"template":"","format":"standard","meta":{"footnotes":""},"categories":[15],"tags":[4589,4590,248],"class_list":["post-7021","post","type-post","status-publish","format-standard","hentry","category-tic-mais","tag-conselho-da-uniao-europeia","tag-direito-a-reparacao","tag-parlamento-europeu"],"_links":{"self":[{"href":"https:\/\/www.ticmais.pt\/index.php?rest_route=\/wp\/v2\/posts\/7021","targetHints":{"allow":["GET"]}}],"collection":[{"href":"https:\/\/www.ticmais.pt\/index.php?rest_route=\/wp\/v2\/posts"}],"about":[{"href":"https:\/\/www.ticmais.pt\/index.php?rest_route=\/wp\/v2\/types\/post"}],"author":[{"embeddable":true,"href":"https:\/\/www.ticmais.pt\/index.php?rest_route=\/wp\/v2\/users\/1"}],"replies":[{"embeddable":true,"href":"https:\/\/www.ticmais.pt\/index.php?rest_route=%2Fwp%2Fv2%2Fcomments&post=7021"}],"version-history":[{"count":0,"href":"https:\/\/www.ticmais.pt\/index.php?rest_route=\/wp\/v2\/posts\/7021\/revisions"}],"wp:attachment":[{"href":"https:\/\/www.ticmais.pt\/index.php?rest_route=%2Fwp%2Fv2%2Fmedia&parent=7021"}],"wp:term":[{"taxonomy":"category","embeddable":true,"href":"https:\/\/www.ticmais.pt\/index.php?rest_route=%2Fwp%2Fv2%2Fcategories&post=7021"},{"taxonomy":"post_tag","embeddable":true,"href":"https:\/\/www.ticmais.pt\/index.php?rest_route=%2Fwp%2Fv2%2Ftags&post=7021"}],"curies":[{"name":"wp","href":"https:\/\/api.w.org\/{rel}","templated":true}]}}