{"id":7028,"date":"2023-12-13T02:10:35","date_gmt":"2023-12-13T01:10:35","guid":{"rendered":"https:\/\/www.ticmais.pt\/?p=7028"},"modified":"2023-12-13T02:12:12","modified_gmt":"2023-12-13T01:12:12","slug":"prepare-a-carteira-meo-nos-e-vodafone-vao-subir-os-precos","status":"publish","type":"post","link":"https:\/\/www.ticmais.pt\/?p=7028","title":{"rendered":"Prepare a carteira! MEO, NOS e Vodafone v\u00e3o subir os pre\u00e7os\u2026"},"content":{"rendered":"<p><img decoding=\"async\" class=\"alignleft\" src=\"https:\/\/www.ticmais.pt\/ticmais\/imagens\/Prepare-a-carteira-MEO-NOS-e-Vodafone-vo-subir-os-preos.jpg\" \/><\/p>\n<p style=\"text-align: justify;\">A fatura de telecomunica\u00e7\u00f5es em Portugal pesa na carteira. Independentemente da operadora, os portugueses nem sempre t\u00eam &#8220;pacotes \u00e0 medida&#8221; e isso faz com que o valor mensal seja \u00e0s vezes desajustado \u00e0s necessidades. Mas a MEO, NOS e Vodafone est\u00e3o a preparar-se para subir os pre\u00e7os. <a href=\"https:\/\/pplware.sapo.pt\/informacao\/prepare-a-carteira-meo-nos-e-vodafone-vao-subir-os-precos\/\">Mais&#8230;<\/a><\/p>\n","protected":false},"excerpt":{"rendered":"<p>A fatura de telecomunica\u00e7\u00f5es em Portugal pesa na carteira. Independentemente da operadora, os portugueses nem sempre t\u00eam &#8220;pacotes \u00e0 medida&#8221; e isso faz com que o valor mensal seja \u00e0s vezes desajustado \u00e0s necessidades. Mas a MEO, NOS e Vodafone est\u00e3o a preparar-se para subir os pre\u00e7os. Mais&#8230;<\/p>\n","protected":false},"author":1,"featured_media":0,"comment_status":"closed","ping_status":"closed","sticky":false,"template":"","format":"standard","meta":{"footnotes":""},"categories":[15],"tags":[4582,4388,219,2823,265,112],"class_list":["post-7028","post","type-post","status-publish","format-standard","hentry","category-tic-mais","tag-4582","tag-aumentos","tag-meo","tag-nos","tag-precos","tag-vodafone"],"_links":{"self":[{"href":"https:\/\/www.ticmais.pt\/index.php?rest_route=\/wp\/v2\/posts\/7028","targetHints":{"allow":["GET"]}}],"collection":[{"href":"https:\/\/www.ticmais.pt\/index.php?rest_route=\/wp\/v2\/posts"}],"about":[{"href":"https:\/\/www.ticmais.pt\/index.php?rest_route=\/wp\/v2\/types\/post"}],"author":[{"embeddable":true,"href":"https:\/\/www.ticmais.pt\/index.php?rest_route=\/wp\/v2\/users\/1"}],"replies":[{"embeddable":true,"href":"https:\/\/www.ticmais.pt\/index.php?rest_route=%2Fwp%2Fv2%2Fcomments&post=7028"}],"version-history":[{"count":0,"href":"https:\/\/www.ticmais.pt\/index.php?rest_route=\/wp\/v2\/posts\/7028\/revisions"}],"wp:attachment":[{"href":"https:\/\/www.ticmais.pt\/index.php?rest_route=%2Fwp%2Fv2%2Fmedia&parent=7028"}],"wp:term":[{"taxonomy":"category","embeddable":true,"href":"https:\/\/www.ticmais.pt\/index.php?rest_route=%2Fwp%2Fv2%2Fcategories&post=7028"},{"taxonomy":"post_tag","embeddable":true,"href":"https:\/\/www.ticmais.pt\/index.php?rest_route=%2Fwp%2Fv2%2Ftags&post=7028"}],"curies":[{"name":"wp","href":"https:\/\/api.w.org\/{rel}","templated":true}]}}