{"id":7059,"date":"2024-03-01T02:18:56","date_gmt":"2024-03-01T01:18:56","guid":{"rendered":"https:\/\/www.ticmais.pt\/?p=7059"},"modified":"2024-03-01T02:18:56","modified_gmt":"2024-03-01T01:18:56","slug":"carteira-de-identidade-digital-da-uniao-europeia-recebe-aprovacao-do-parlamento-europeu","status":"publish","type":"post","link":"https:\/\/www.ticmais.pt\/?p=7059","title":{"rendered":"Carteira de identidade digital da Uni\u00e3o Europeia recebe aprova\u00e7\u00e3o do Parlamento Europeu"},"content":{"rendered":"<p><img decoding=\"async\" class=\"alignleft\" src=\"https:\/\/www.ticmais.pt\/ticmais\/imagens\/Carteira-de-identidade-digital-da-Unio-Europeia-recebe-aprovao-do-Parlamento-Europeu.jpg\" \/><\/p>\n<p style=\"text-align: justify;\">O enquadramento regulat\u00f3rio para a carteira de identidade digital europeia ainda precisa de ser formalmente aprovado pelo Conselho da UE para poder avan\u00e7ar.<br \/>\nDepois de um acordo final em novembro do ano passado (UE), o Parlamento Europeu aprovou o enquadramento regulat\u00f3rio para a carteira de identidade digital da Uni\u00e3o Europeia, com 335 votos a favor, 190 contra e 31 absten\u00e7\u00f5es. <a href=\"https:\/\/tek.sapo.pt\/noticias\/internet\/artigos\/carteira-de-identidade-digital-da-uniao-europeia-recebe-aprovacao-do-parlamento-europeu\">Mais&#8230;<\/a><\/p>\n","protected":false},"excerpt":{"rendered":"<p>O enquadramento regulat\u00f3rio para a carteira de identidade digital europeia ainda precisa de ser formalmente aprovado pelo Conselho da UE para poder avan\u00e7ar. Depois de um acordo final em novembro do ano passado (UE), o Parlamento Europeu aprovou o enquadramento regulat\u00f3rio para a carteira de identidade digital da Uni\u00e3o Europeia, com 335 votos a favor, [&hellip;]<\/p>\n","protected":false},"author":1,"featured_media":0,"comment_status":"closed","ping_status":"closed","sticky":false,"template":"","format":"standard","meta":{"footnotes":""},"categories":[15],"tags":[4624,248,99],"class_list":["post-7059","post","type-post","status-publish","format-standard","hentry","category-tic-mais","tag-carteira-de-identidade-digital","tag-parlamento-europeu","tag-uniao-europeia"],"_links":{"self":[{"href":"https:\/\/www.ticmais.pt\/index.php?rest_route=\/wp\/v2\/posts\/7059","targetHints":{"allow":["GET"]}}],"collection":[{"href":"https:\/\/www.ticmais.pt\/index.php?rest_route=\/wp\/v2\/posts"}],"about":[{"href":"https:\/\/www.ticmais.pt\/index.php?rest_route=\/wp\/v2\/types\/post"}],"author":[{"embeddable":true,"href":"https:\/\/www.ticmais.pt\/index.php?rest_route=\/wp\/v2\/users\/1"}],"replies":[{"embeddable":true,"href":"https:\/\/www.ticmais.pt\/index.php?rest_route=%2Fwp%2Fv2%2Fcomments&post=7059"}],"version-history":[{"count":0,"href":"https:\/\/www.ticmais.pt\/index.php?rest_route=\/wp\/v2\/posts\/7059\/revisions"}],"wp:attachment":[{"href":"https:\/\/www.ticmais.pt\/index.php?rest_route=%2Fwp%2Fv2%2Fmedia&parent=7059"}],"wp:term":[{"taxonomy":"category","embeddable":true,"href":"https:\/\/www.ticmais.pt\/index.php?rest_route=%2Fwp%2Fv2%2Fcategories&post=7059"},{"taxonomy":"post_tag","embeddable":true,"href":"https:\/\/www.ticmais.pt\/index.php?rest_route=%2Fwp%2Fv2%2Ftags&post=7059"}],"curies":[{"name":"wp","href":"https:\/\/api.w.org\/{rel}","templated":true}]}}