{"id":7064,"date":"2024-03-19T01:47:23","date_gmt":"2024-03-19T00:47:23","guid":{"rendered":"https:\/\/www.ticmais.pt\/?p=7064"},"modified":"2024-03-19T01:52:07","modified_gmt":"2024-03-19T00:52:07","slug":"greve-as-provas-de-afericao-e-exames-do-9o-ano-em-formato-digital-vai-avancar-a-8-de-abril","status":"publish","type":"post","link":"https:\/\/www.ticmais.pt\/?p=7064","title":{"rendered":"Greve \u00e0s provas de aferi\u00e7\u00e3o e exames do 9\u00ba ano em formato digital vai avan\u00e7ar a 8 de abril"},"content":{"rendered":"<p><img decoding=\"async\" class=\"alignleft\" src=\"https:\/\/www.ticmais.pt\/ticmais\/imagens\/Greve-s-provas-de-aferio-e-exames-do-9-ano-em-formato-digital-vai-avanar-a-8-de-abril.jpg\" \/><\/p>\n<p style=\"text-align: justify;\">A Fenprof e a ANPRI decidiram que vai avan\u00e7ar, para j\u00e1, a greve a fun\u00e7\u00f5es de apoio e manuten\u00e7\u00e3o dos equipamentos tecnol\u00f3gicos e ao suporte t\u00e9cnico de provas de aferi\u00e7\u00e3o e exames em formato digital, que se iniciar\u00e1 a 8 de abril, podendo prolongar-se at\u00e9 ao final do ano lectivo. <a href=\"https:\/\/tek.sapo.pt\/noticias\/computadores\/artigos\/greve-as-provas-de-afericao-e-exames-do-9o-ano-em-formato-digital-vai-avancar\">Mais&#8230;<\/a><\/p>\n","protected":false},"excerpt":{"rendered":"<p>A Fenprof e a ANPRI decidiram que vai avan\u00e7ar, para j\u00e1, a greve a fun\u00e7\u00f5es de apoio e manuten\u00e7\u00e3o dos equipamentos tecnol\u00f3gicos e ao suporte t\u00e9cnico de provas de aferi\u00e7\u00e3o e exames em formato digital, que se iniciar\u00e1 a 8 de abril, podendo prolongar-se at\u00e9 ao final do ano lectivo. Mais&#8230;<\/p>\n","protected":false},"author":1,"featured_media":0,"comment_status":"closed","ping_status":"closed","sticky":false,"template":"","format":"standard","meta":{"footnotes":""},"categories":[15],"tags":[4630,521,4196,4631,143],"class_list":["post-7064","post","type-post","status-publish","format-standard","hentry","category-tic-mais","tag-anpri","tag-exames","tag-fenprof","tag-greve","tag-professores"],"_links":{"self":[{"href":"https:\/\/www.ticmais.pt\/index.php?rest_route=\/wp\/v2\/posts\/7064","targetHints":{"allow":["GET"]}}],"collection":[{"href":"https:\/\/www.ticmais.pt\/index.php?rest_route=\/wp\/v2\/posts"}],"about":[{"href":"https:\/\/www.ticmais.pt\/index.php?rest_route=\/wp\/v2\/types\/post"}],"author":[{"embeddable":true,"href":"https:\/\/www.ticmais.pt\/index.php?rest_route=\/wp\/v2\/users\/1"}],"replies":[{"embeddable":true,"href":"https:\/\/www.ticmais.pt\/index.php?rest_route=%2Fwp%2Fv2%2Fcomments&post=7064"}],"version-history":[{"count":0,"href":"https:\/\/www.ticmais.pt\/index.php?rest_route=\/wp\/v2\/posts\/7064\/revisions"}],"wp:attachment":[{"href":"https:\/\/www.ticmais.pt\/index.php?rest_route=%2Fwp%2Fv2%2Fmedia&parent=7064"}],"wp:term":[{"taxonomy":"category","embeddable":true,"href":"https:\/\/www.ticmais.pt\/index.php?rest_route=%2Fwp%2Fv2%2Fcategories&post=7064"},{"taxonomy":"post_tag","embeddable":true,"href":"https:\/\/www.ticmais.pt\/index.php?rest_route=%2Fwp%2Fv2%2Ftags&post=7064"}],"curies":[{"name":"wp","href":"https:\/\/api.w.org\/{rel}","templated":true}]}}