{"id":7069,"date":"2024-03-22T02:15:09","date_gmt":"2024-03-22T01:15:09","guid":{"rendered":"https:\/\/www.ticmais.pt\/?p=7069"},"modified":"2024-03-22T02:18:34","modified_gmt":"2024-03-22T01:18:34","slug":"arranque-da-criacao-do-campus-ciencia-xxi-oficializado-a-partir-desta-sexta-feira","status":"publish","type":"post","link":"https:\/\/www.ticmais.pt\/?p=7069","title":{"rendered":"Arranque da cria\u00e7\u00e3o do Campus Ci\u00eancia XXI oficializado a partir desta sexta-feira"},"content":{"rendered":"<p style=\"text-align: justify;\"><img decoding=\"async\" class=\"alignleft\" src=\"https:\/\/www.ticmais.pt\/ticmais\/imagens\/Arranque-da-criao-do-Campus-Cincia-XXI-oficializado-a-partir-desta-sexta-feira.jpg\" \/><\/p>\n<p style=\"text-align: justify;\">A cria\u00e7\u00e3o de um campus de ci\u00eancia e tecnologia,\u201d aberto \u00e0 sociedade e orientado para o futuro,\u201d traduz-se, numa primeira fase, na reabilita\u00e7\u00e3o e adapta\u00e7\u00e3o de dois edif\u00edcios na Avenida do Brasil em Lisboa, onde j\u00e1 funciona a unidade FCCN. <a href=\"https:\/\/tek.sapo.pt\/noticias\/ciencia\/artigos\/arranque-da-criacao-do-campus-ciencia-xxi-oficializado-a-partir-desta-sexta-feira\">Mais&#8230;<\/a><\/p>\n","protected":false},"excerpt":{"rendered":"<p>A cria\u00e7\u00e3o de um campus de ci\u00eancia e tecnologia,\u201d aberto \u00e0 sociedade e orientado para o futuro,\u201d traduz-se, numa primeira fase, na reabilita\u00e7\u00e3o e adapta\u00e7\u00e3o de dois edif\u00edcios na Avenida do Brasil em Lisboa, onde j\u00e1 funciona a unidade FCCN. Mais&#8230;<\/p>\n","protected":false},"author":1,"featured_media":0,"comment_status":"closed","ping_status":"closed","sticky":false,"template":"","format":"standard","meta":{"footnotes":""},"categories":[15],"tags":[4636,4635,3854,4637,555,1631,4348],"class_list":["post-7069","post","type-post","status-publish","format-standard","hentry","category-tic-mais","tag-arranque","tag-campus-ciencia-xxi","tag-criacao","tag-estamo","tag-fccn","tag-fct","tag-prr"],"_links":{"self":[{"href":"https:\/\/www.ticmais.pt\/index.php?rest_route=\/wp\/v2\/posts\/7069","targetHints":{"allow":["GET"]}}],"collection":[{"href":"https:\/\/www.ticmais.pt\/index.php?rest_route=\/wp\/v2\/posts"}],"about":[{"href":"https:\/\/www.ticmais.pt\/index.php?rest_route=\/wp\/v2\/types\/post"}],"author":[{"embeddable":true,"href":"https:\/\/www.ticmais.pt\/index.php?rest_route=\/wp\/v2\/users\/1"}],"replies":[{"embeddable":true,"href":"https:\/\/www.ticmais.pt\/index.php?rest_route=%2Fwp%2Fv2%2Fcomments&post=7069"}],"version-history":[{"count":0,"href":"https:\/\/www.ticmais.pt\/index.php?rest_route=\/wp\/v2\/posts\/7069\/revisions"}],"wp:attachment":[{"href":"https:\/\/www.ticmais.pt\/index.php?rest_route=%2Fwp%2Fv2%2Fmedia&parent=7069"}],"wp:term":[{"taxonomy":"category","embeddable":true,"href":"https:\/\/www.ticmais.pt\/index.php?rest_route=%2Fwp%2Fv2%2Fcategories&post=7069"},{"taxonomy":"post_tag","embeddable":true,"href":"https:\/\/www.ticmais.pt\/index.php?rest_route=%2Fwp%2Fv2%2Ftags&post=7069"}],"curies":[{"name":"wp","href":"https:\/\/api.w.org\/{rel}","templated":true}]}}