{"id":7106,"date":"2024-07-25T01:09:43","date_gmt":"2024-07-25T00:09:43","guid":{"rendered":"https:\/\/www.ticmais.pt\/?p=7106"},"modified":"2024-07-25T01:09:43","modified_gmt":"2024-07-25T00:09:43","slug":"ativacao-automatica-de-plafonds-adicionais-de-dados-moveis-passa-a-ser-proibida-em-portugal","status":"publish","type":"post","link":"https:\/\/www.ticmais.pt\/?p=7106","title":{"rendered":"Ativa\u00e7\u00e3o autom\u00e1tica de plafonds adicionais de dados m\u00f3veis passa a ser proibida em Portugal"},"content":{"rendered":"<p style=\"text-align: justify;\"><img decoding=\"async\" class=\"alignleft\" src=\"https:\/\/www.ticmais.pt\/ticmais\/imagens\/Ativao-automtica-de-plafonds-adicionais-de-dados-mveis-passa-a-ser-proibida-em-Portugal.png\" \/><\/p>\n<p style=\"text-align: justify;\">J\u00e1 lhe aconteceu terminar o plafond de dados m\u00f3veis e o operador ativar automaticamente um novo, com custos extra? N\u00e3o \u00e9 o \u00fanico. O tema tem motivado v\u00e1rias reclama\u00e7\u00f5es e agora uma decis\u00e3o da Anacom. A pr\u00e1tica passa a ser proibida, pelo menos nos termos atuais. <a href=\"https:\/\/tek.sapo.pt\/noticias\/telecomunicacoes\/artigos\/ativacao-automatica-de-plafonds-adicionais-de-dados-moveis-passa-a-ser-proibida-em-portugal\">Mais&#8230;<\/a><\/p>\n","protected":false},"excerpt":{"rendered":"<p>J\u00e1 lhe aconteceu terminar o plafond de dados m\u00f3veis e o operador ativar automaticamente um novo, com custos extra? N\u00e3o \u00e9 o \u00fanico. O tema tem motivado v\u00e1rias reclama\u00e7\u00f5es e agora uma decis\u00e3o da Anacom. A pr\u00e1tica passa a ser proibida, pelo menos nos termos atuais. Mais&#8230;<\/p>\n","protected":false},"author":1,"featured_media":0,"comment_status":"closed","ping_status":"closed","sticky":false,"template":"","format":"standard","meta":{"footnotes":""},"categories":[15],"tags":[413,4659,4662,897,4661,4660,35],"class_list":["post-7106","post","type-post","status-publish","format-standard","hentry","category-tic-mais","tag-anacom","tag-ativacao-automatica","tag-dados-moveis","tag-operadoras","tag-plafonds","tag-plafons","tag-telecomunicacoes"],"_links":{"self":[{"href":"https:\/\/www.ticmais.pt\/index.php?rest_route=\/wp\/v2\/posts\/7106","targetHints":{"allow":["GET"]}}],"collection":[{"href":"https:\/\/www.ticmais.pt\/index.php?rest_route=\/wp\/v2\/posts"}],"about":[{"href":"https:\/\/www.ticmais.pt\/index.php?rest_route=\/wp\/v2\/types\/post"}],"author":[{"embeddable":true,"href":"https:\/\/www.ticmais.pt\/index.php?rest_route=\/wp\/v2\/users\/1"}],"replies":[{"embeddable":true,"href":"https:\/\/www.ticmais.pt\/index.php?rest_route=%2Fwp%2Fv2%2Fcomments&post=7106"}],"version-history":[{"count":0,"href":"https:\/\/www.ticmais.pt\/index.php?rest_route=\/wp\/v2\/posts\/7106\/revisions"}],"wp:attachment":[{"href":"https:\/\/www.ticmais.pt\/index.php?rest_route=%2Fwp%2Fv2%2Fmedia&parent=7106"}],"wp:term":[{"taxonomy":"category","embeddable":true,"href":"https:\/\/www.ticmais.pt\/index.php?rest_route=%2Fwp%2Fv2%2Fcategories&post=7106"},{"taxonomy":"post_tag","embeddable":true,"href":"https:\/\/www.ticmais.pt\/index.php?rest_route=%2Fwp%2Fv2%2Ftags&post=7106"}],"curies":[{"name":"wp","href":"https:\/\/api.w.org\/{rel}","templated":true}]}}