{"id":7166,"date":"2025-02-12T23:55:50","date_gmt":"2025-02-12T22:55:50","guid":{"rendered":"https:\/\/www.ticmais.pt\/?p=7166"},"modified":"2025-02-12T23:55:50","modified_gmt":"2025-02-12T22:55:50","slug":"escolas-reportam-dificuldades-durante-as-provas-ensaio-do-ensino-basico-computadores-avariados-e-falhas-de-internet","status":"publish","type":"post","link":"https:\/\/www.ticmais.pt\/?p=7166","title":{"rendered":"Escolas reportam dificuldades durante as provas-ensaio do ensino b\u00e1sico: computadores avariados e falhas de internet"},"content":{"rendered":"<p><img decoding=\"async\" class=\"alignleft\" src=\"https:\/\/www.ticmais.pt\/ticmais\/imagens\/Escolas-reportam-dificuldades-durante-as-provas-ensaio-do-ensino-bsico-computadores-avariados-e-falhas-de-internet.jpg\" \/><\/p>\n<p style=\"text-align: justify;\">A Fenprof alertou hoje para as dificuldades sentidas em muitas escolas durante as provas-ensaio do ensino b\u00e1sico, com relatos de computadores e auscultadores avariados, falhas de internet ou pot\u00eancia el\u00e9trica demasiado baixa para manter v\u00e1rios equipamentos ligados em simult\u00e2neo. <a href=\"https:\/\/tek.sapo.pt\/noticias\/computadores\/artigos\/dificuldades-em-muitas-escolas-durante-as-provas-ensaio-do-ensino-basico-computadores-avariados-e-falhas-de-internet\">Mais&#8230;<\/a><\/p>\n","protected":false},"excerpt":{"rendered":"<p>A Fenprof alertou hoje para as dificuldades sentidas em muitas escolas durante as provas-ensaio do ensino b\u00e1sico, com relatos de computadores e auscultadores avariados, falhas de internet ou pot\u00eancia el\u00e9trica demasiado baixa para manter v\u00e1rios equipamentos ligados em simult\u00e2neo. Mais&#8230;<\/p>\n","protected":false},"author":1,"featured_media":0,"comment_status":"closed","ping_status":"closed","sticky":false,"template":"","format":"standard","meta":{"footnotes":""},"categories":[15],"tags":[4386,4196,4720,4719],"class_list":["post-7166","post","type-post","status-publish","format-standard","hentry","category-tic-mais","tag-ensino-basico","tag-fenprof","tag-monitorizacao-da-aprendizagem","tag-provas-ensaio"],"_links":{"self":[{"href":"https:\/\/www.ticmais.pt\/index.php?rest_route=\/wp\/v2\/posts\/7166","targetHints":{"allow":["GET"]}}],"collection":[{"href":"https:\/\/www.ticmais.pt\/index.php?rest_route=\/wp\/v2\/posts"}],"about":[{"href":"https:\/\/www.ticmais.pt\/index.php?rest_route=\/wp\/v2\/types\/post"}],"author":[{"embeddable":true,"href":"https:\/\/www.ticmais.pt\/index.php?rest_route=\/wp\/v2\/users\/1"}],"replies":[{"embeddable":true,"href":"https:\/\/www.ticmais.pt\/index.php?rest_route=%2Fwp%2Fv2%2Fcomments&post=7166"}],"version-history":[{"count":0,"href":"https:\/\/www.ticmais.pt\/index.php?rest_route=\/wp\/v2\/posts\/7166\/revisions"}],"wp:attachment":[{"href":"https:\/\/www.ticmais.pt\/index.php?rest_route=%2Fwp%2Fv2%2Fmedia&parent=7166"}],"wp:term":[{"taxonomy":"category","embeddable":true,"href":"https:\/\/www.ticmais.pt\/index.php?rest_route=%2Fwp%2Fv2%2Fcategories&post=7166"},{"taxonomy":"post_tag","embeddable":true,"href":"https:\/\/www.ticmais.pt\/index.php?rest_route=%2Fwp%2Fv2%2Ftags&post=7166"}],"curies":[{"name":"wp","href":"https:\/\/api.w.org\/{rel}","templated":true}]}}