{"id":7175,"date":"2025-03-19T02:31:26","date_gmt":"2025-03-19T01:31:26","guid":{"rendered":"https:\/\/www.ticmais.pt\/?p=7175"},"modified":"2025-03-19T02:31:26","modified_gmt":"2025-03-19T01:31:26","slug":"byd-esta-a-considerar-a-alemanha-para-a-sua-terceira-fabrica-na-europa","status":"publish","type":"post","link":"https:\/\/www.ticmais.pt\/?p=7175","title":{"rendered":"BYD est\u00e1 a considerar a Alemanha para a sua terceira f\u00e1brica na Europa"},"content":{"rendered":"<p><img decoding=\"async\" class=\"alignleft\" src=\"https:\/\/www.ticmais.pt\/ticmais\/imagens\/BYD-est-a-considerar-a-Alemanha-para-a-sua-terceira-fbrica-na-Europa.jpg\" \/><\/p>\n<p style=\"text-align: justify;\">A BYD est\u00e1 a expandir a sua presen\u00e7a na Europa com a constru\u00e7\u00e3o de duas f\u00e1bricas, uma na Hungria, em Szeged e outra na Turquia, nos arredores de Manisa. Al\u00e9m disso, a BYD considera a Alemanha como potencial localiza\u00e7\u00e3o para uma terceira f\u00e1brica, embora a decis\u00e3o final ainda n\u00e3o tenha sido anunciada. <a href=\"https:\/\/pplware.sapo.pt\/motores\/byd-esta-a-considerar-a-alemanha-para-a-sua-terceira-fabrica-na-europa\/\">Mais&#8230;<\/a><\/p>\n","protected":false},"excerpt":{"rendered":"<p>A BYD est\u00e1 a expandir a sua presen\u00e7a na Europa com a constru\u00e7\u00e3o de duas f\u00e1bricas, uma na Hungria, em Szeged e outra na Turquia, nos arredores de Manisa. Al\u00e9m disso, a BYD considera a Alemanha como potencial localiza\u00e7\u00e3o para uma terceira f\u00e1brica, embora a decis\u00e3o final ainda n\u00e3o tenha sido anunciada. Mais&#8230;<\/p>\n","protected":false},"author":1,"featured_media":0,"comment_status":"closed","ping_status":"closed","sticky":false,"template":"","format":"standard","meta":{"footnotes":""},"categories":[15],"tags":[492,4625,1049,3087],"class_list":["post-7175","post","type-post","status-publish","format-standard","hentry","category-tic-mais","tag-alemanha","tag-byd","tag-construcao","tag-fabrica"],"_links":{"self":[{"href":"https:\/\/www.ticmais.pt\/index.php?rest_route=\/wp\/v2\/posts\/7175","targetHints":{"allow":["GET"]}}],"collection":[{"href":"https:\/\/www.ticmais.pt\/index.php?rest_route=\/wp\/v2\/posts"}],"about":[{"href":"https:\/\/www.ticmais.pt\/index.php?rest_route=\/wp\/v2\/types\/post"}],"author":[{"embeddable":true,"href":"https:\/\/www.ticmais.pt\/index.php?rest_route=\/wp\/v2\/users\/1"}],"replies":[{"embeddable":true,"href":"https:\/\/www.ticmais.pt\/index.php?rest_route=%2Fwp%2Fv2%2Fcomments&post=7175"}],"version-history":[{"count":0,"href":"https:\/\/www.ticmais.pt\/index.php?rest_route=\/wp\/v2\/posts\/7175\/revisions"}],"wp:attachment":[{"href":"https:\/\/www.ticmais.pt\/index.php?rest_route=%2Fwp%2Fv2%2Fmedia&parent=7175"}],"wp:term":[{"taxonomy":"category","embeddable":true,"href":"https:\/\/www.ticmais.pt\/index.php?rest_route=%2Fwp%2Fv2%2Fcategories&post=7175"},{"taxonomy":"post_tag","embeddable":true,"href":"https:\/\/www.ticmais.pt\/index.php?rest_route=%2Fwp%2Fv2%2Ftags&post=7175"}],"curies":[{"name":"wp","href":"https:\/\/api.w.org\/{rel}","templated":true}]}}