{"id":7176,"date":"2025-03-19T02:40:02","date_gmt":"2025-03-19T01:40:02","guid":{"rendered":"https:\/\/www.ticmais.pt\/?p=7176"},"modified":"2025-03-19T02:40:02","modified_gmt":"2025-03-19T01:40:02","slug":"byd-revela-super-e-platform-com-carregamento-quase-tao-rapido-como-abastecer-gasolina","status":"publish","type":"post","link":"https:\/\/www.ticmais.pt\/?p=7176","title":{"rendered":"BYD revela super e-Platform com carregamento quase t\u00e3o r\u00e1pido como abastecer gasolina"},"content":{"rendered":"<p><img decoding=\"async\" class=\"alignleft\" src=\"https:\/\/www.ticmais.pt\/ticmais\/imagens\/BYD-revela-super-e-Platform-com-carregamento-quase-to-rpido-como-abastecer-gasolina.jpg\" \/><\/p>\n<p style=\"text-align: justify;\">Um dos &#8220;problemas&#8221; que serve de argumento a quem est\u00e1 a pensar comprar um el\u00e9trico \u00e9 o tempo de carregamento. Pois bem, esse argumento come\u00e7a a cair por terra. A BYD apresentou a tecnologia super e-Platform para carregar um el\u00e9trico quase t\u00e3o r\u00e1pido como encher o dep\u00f3sito do carro de combust\u00edvel. <a href=\"https:\/\/pplware.sapo.pt\/motores\/byd-revela-super-e-platform-com-carregamento-quase-tao-rapido-como-abastecer-gasolina\/\">Mais&#8230;<\/a><\/p>\n","protected":false},"excerpt":{"rendered":"<p>Um dos &#8220;problemas&#8221; que serve de argumento a quem est\u00e1 a pensar comprar um el\u00e9trico \u00e9 o tempo de carregamento. Pois bem, esse argumento come\u00e7a a cair por terra. A BYD apresentou a tecnologia super e-Platform para carregar um el\u00e9trico quase t\u00e3o r\u00e1pido como encher o dep\u00f3sito do carro de combust\u00edvel. Mais&#8230;<\/p>\n","protected":false},"author":1,"featured_media":0,"comment_status":"closed","ping_status":"closed","sticky":false,"template":"","format":"standard","meta":{"footnotes":""},"categories":[15],"tags":[4625,4727,3614,59],"class_list":["post-7176","post","type-post","status-publish","format-standard","hentry","category-tic-mais","tag-byd","tag-super-e-platform","tag-supercarregadores","tag-veiculos-electricos"],"_links":{"self":[{"href":"https:\/\/www.ticmais.pt\/index.php?rest_route=\/wp\/v2\/posts\/7176","targetHints":{"allow":["GET"]}}],"collection":[{"href":"https:\/\/www.ticmais.pt\/index.php?rest_route=\/wp\/v2\/posts"}],"about":[{"href":"https:\/\/www.ticmais.pt\/index.php?rest_route=\/wp\/v2\/types\/post"}],"author":[{"embeddable":true,"href":"https:\/\/www.ticmais.pt\/index.php?rest_route=\/wp\/v2\/users\/1"}],"replies":[{"embeddable":true,"href":"https:\/\/www.ticmais.pt\/index.php?rest_route=%2Fwp%2Fv2%2Fcomments&post=7176"}],"version-history":[{"count":0,"href":"https:\/\/www.ticmais.pt\/index.php?rest_route=\/wp\/v2\/posts\/7176\/revisions"}],"wp:attachment":[{"href":"https:\/\/www.ticmais.pt\/index.php?rest_route=%2Fwp%2Fv2%2Fmedia&parent=7176"}],"wp:term":[{"taxonomy":"category","embeddable":true,"href":"https:\/\/www.ticmais.pt\/index.php?rest_route=%2Fwp%2Fv2%2Fcategories&post=7176"},{"taxonomy":"post_tag","embeddable":true,"href":"https:\/\/www.ticmais.pt\/index.php?rest_route=%2Fwp%2Fv2%2Ftags&post=7176"}],"curies":[{"name":"wp","href":"https:\/\/api.w.org\/{rel}","templated":true}]}}